{"id":19563,"date":"2026-02-28T08:44:16","date_gmt":"2026-02-28T07:44:16","guid":{"rendered":"https:\/\/zsp.wegrow.pl\/?p=19563"},"modified":"2026-03-05T08:59:39","modified_gmt":"2026-03-05T07:59:39","slug":"102-urodziny-pani-zofii-wangrat","status":"publish","type":"post","link":"https:\/\/zsp.wegrow.pl\/index.php\/2026\/02\/28\/102-urodziny-pani-zofii-wangrat\/","title":{"rendered":"102 urodziny Pani Zofii Wangrat"},"content":{"rendered":"\n<p class=\"has-drop-cap\">Dzi\u015b 27 lutego 2026 r. w W\u0119growskim Urz\u0119dzie Stanu Cywilnego odby\u0142a si\u0119 uroczysto\u015b\u0107 z okazji 102. rocznicy urodzin por. Pani Zofii Wangrat.<\/p>\n\n\n\n<p>Na uroczysto\u015b\u0107 przyby\u0142a Rodzina Jubilatki oraz w\u0142adze samorz\u0105dowe, wojskowe, przedstawiciele w\u0119growskich szk\u00f3\u0142 i mieszka\u0144cy W\u0119growa.<\/p>\n\n\n\n<p>Nie zabrak\u0142o r\u00f3wnie\u017c naszej Szko\u0142y. By\u0142 Poczet Sztandarowy Armii Krajowej (Turek Olga 3low, Ryczkowska Maja 3low i Ozdowski Nikodem 2low), kt\u00f3rym opiekuje si\u0119 nasza szko\u0142a. Natomiast uczniowie kl. 4lom (Martyna Okrzeja, Magdalena Kury\u0142ek, Aleksandra Jurkowska, Rafa\u0142 Panufnik, Kacper Rogala, Kacper K\u0105kol) wykonali specjalnie dla Pani Wangrat szpaler z szabli.<\/p>\n\n\n\n<p>By\u0142a to pi\u0119kna i podnios\u0142a uroczysto\u015b\u0107.<\/p>\n\n\n\n<p>W uroczysto\u015bci uczestniczy\u0142 Wicedyrektor Szko\u0142y Leszek Redosz.<\/p>\n\n\n\nngg_shortcode_0_placeholder\n","protected":false},"excerpt":{"rendered":"<p>Dzi\u015b 27 lutego 2026 r. w W\u0119growskim Urz\u0119dzie Stanu Cywilnego odby\u0142a si\u0119 uroczysto\u015b\u0107 z okazji 102. rocznicy urodzin por. Pani Zofii Wangrat. Na uroczysto\u015b\u0107 przyby\u0142a Rodzina Jubilatki oraz w\u0142adze samorz\u0105dowe, wojskowe, przedstawiciele w\u0119growskich szk\u00f3\u0142 i<\/p>\n","protected":false},"author":1,"featured_media":19586,"comment_status":"closed","ping_status":"closed","sticky":false,"template":"","format":"standard","meta":{"ngg_post_thumbnail":0,"_themeisle_gutenberg_block_has_review":false,"jetpack_post_was_ever_published":false,"_jetpack_newsletter_access":"","_jetpack_dont_email_post_to_subs":false,"_jetpack_newsletter_tier_id":0,"_jetpack_memberships_contains_paywalled_content":false,"_jetpack_memberships_contains_paid_content":false,"footnotes":"","jetpack_publicize_message":"","jetpack_publicize_feature_enabled":true,"jetpack_social_post_already_shared":true,"jetpack_social_options":{"image_generator_settings":{"template":"highway","default_image_id":0,"font":"","enabled":false},"version":2}},"categories":[49,53,38],"tags":[],"class_list":["post-19563","post","type-post","status-publish","format-standard","has-post-thumbnail","hentry","category-aktualnosci","category-rocznice","category-uroczystosci"],"jetpack_publicize_connections":[],"jetpack_featured_media_url":"https:\/\/i0.wp.com\/zsp.wegrow.pl\/wp-content\/uploads\/2026\/03\/01wyr-2.jpg?fit=850%2C638&ssl=1","jetpack_sharing_enabled":true,"jetpack_shortlink":"https:\/\/wp.me\/paT2nI-55x","_links":{"self":[{"href":"https:\/\/zsp.wegrow.pl\/index.php\/wp-json\/wp\/v2\/posts\/19563","targetHints":{"allow":["GET"]}}],"collection":[{"href":"https:\/\/zsp.wegrow.pl\/index.php\/wp-json\/wp\/v2\/posts"}],"about":[{"href":"https:\/\/zsp.wegrow.pl\/index.php\/wp-json\/wp\/v2\/types\/post"}],"author":[{"embeddable":true,"href":"https:\/\/zsp.wegrow.pl\/index.php\/wp-json\/wp\/v2\/users\/1"}],"replies":[{"embeddable":true,"href":"https:\/\/zsp.wegrow.pl\/index.php\/wp-json\/wp\/v2\/comments?post=19563"}],"version-history":[{"count":1,"href":"https:\/\/zsp.wegrow.pl\/index.php\/wp-json\/wp\/v2\/posts\/19563\/revisions"}],"predecessor-version":[{"id":19587,"href":"https:\/\/zsp.wegrow.pl\/index.php\/wp-json\/wp\/v2\/posts\/19563\/revisions\/19587"}],"wp:featuredmedia":[{"embeddable":true,"href":"https:\/\/zsp.wegrow.pl\/index.php\/wp-json\/wp\/v2\/media\/19586"}],"wp:attachment":[{"href":"https:\/\/zsp.wegrow.pl\/index.php\/wp-json\/wp\/v2\/media?parent=19563"}],"wp:term":[{"taxonomy":"category","embeddable":true,"href":"https:\/\/zsp.wegrow.pl\/index.php\/wp-json\/wp\/v2\/categories?post=19563"},{"taxonomy":"post_tag","embeddable":true,"href":"https:\/\/zsp.wegrow.pl\/index.php\/wp-json\/wp\/v2\/tags?post=19563"}],"curies":[{"name":"wp","href":"https:\/\/api.w.org\/{rel}","templated":true}]}}