{"id":2127,"date":"2019-07-19T11:02:00","date_gmt":"2019-07-19T09:02:00","guid":{"rendered":"http:\/\/zsp.wegrow.pl\/?p=2127"},"modified":"2021-11-30T09:35:21","modified_gmt":"2021-11-30T08:35:21","slug":"nowy-rok-szkolny-juz-za-chwile","status":"publish","type":"post","link":"https:\/\/zsp.wegrow.pl\/index.php\/2019\/07\/19\/nowy-rok-szkolny-juz-za-chwile\/","title":{"rendered":"Nowy rok szkolny ju\u017c za chwil\u0119 \u2026"},"content":{"rendered":"\n<p class=\"has-drop-cap has-text-align-justify\">Zesp\u00f3\u0142 Szk\u00f3\u0142 Ponadgimnazjalnych im. Jana Kochanowskiego w W\u0119growie prowadzi szereg dzia\u0142a\u0144 maj\u0105cych na celu przygotowanie do sprostania wymogom reformy edukacyjnej, kt\u00f3ra przewiduje konieczno\u015b\u0107 przyj\u0119cia do klas pierwszych zwi\u0119kszonej liczby uczni\u00f3w. Przygotowujemy szko\u0142\u0119, aby znalaz\u0142o si\u0119 w niej miejsce dla ka\u017cdego absolwenta szko\u0142y podstawowej i gimnazjum, kt\u00f3ry b\u0119dzie chcia\u0142 kontynuowa\u0107 nauk\u0119 w naszej szkole.<br>Przyj\u0119cie do szko\u0142y tzw. podw\u00f3jnego rocznika wymaga stworzenia dodatkowych klas lub remontu i przebudowy szkolnych budynk\u00f3w. Prace remontowe na terenie szko\u0142y trwaj\u0105 ju\u017c od momentu zako\u0144czenia zaj\u0119\u0107 lekcyjnych w czerwcu aby stworzy\u0107 miejsca dla wszystkich uczni\u00f3w ZSP.<br>Z satysfakcj\u0105 informujemy, \u017ce od wrze\u015bnia 2019 roku ZSP przyst\u0105pi do realizacji projektu &#8222;Szko\u0142y z duchem czasu&#8221;, kt\u00f3ry uzyska\u0142 dofinansowanie w konkursie 10.1.1 organizowanym przez Mazowieck\u0105 Jednostk\u0119 Wdra\u017cania Program\u00f3w Unijnych. Uczniowie naszej szko\u0142y b\u0119d\u0105 mieli szerok\u0105 ofert\u0119 zaj\u0119\u0107 pozalekcyjnych rozwijaj\u0105cych, wyr\u00f3wnawczych i doskonal\u0105cych umiej\u0119tno\u015bci matematyczno-przyrodnicze, informatyczne i j\u0119zykowe. Projekt przewiduje zaj\u0119cia z zakresu technologii informacyjnej, zaj\u0119cia z grafiki komputerowej, webmasteringu, z programowania i tworzenia gier komputerowych w technologii 3D, projektowania i drukowania 3D, zaj\u0119cia z obs\u0142ugi drona i obr\u00f3bki graficznej film\u00f3w. W ramach Projektu doposa\u017cone zostan\u0105 pracownie lekcyjne (informatyczna, matematyczna, biologiczna, fizyczna) w naszej szkole.<br>Do ko\u0144ca sierpnia szko\u0142a zostanie do\u0142\u0105czona do Og\u00f3lnopolskiej Sieci Edukacyjnej, daj\u0105cej dost\u0119p do szybkiego, bezp\u0142atnego i bezpiecznego Internetu. Program dedykowany szko\u0142om zaprojektowany zosta\u0142 przez Ministerstwo Cyfryzacji we wsp\u00f3\u0142pracy z Ministerstwem Edukacji Narodowej. Przy\u0142\u0105czenie szko\u0142y do OSE umo\u017cliwi dost\u0119p do szerokopasmowego Internetu, podnoszenie poziomu kompetencji cyfrowych oraz wspomo\u017ce proces kszta\u0142cenia w szkole. Tym samym szko\u0142a b\u0119dzie jedn\u0105 z pierwszych w powiecie w\u0119growskim korzystaj\u0105cych z platformy OSE.<br>Nasza szko\u0142a znalaz\u0142a si\u0119 na li\u015bcie wniosk\u00f3w, kt\u00f3re zosta\u0142y dofinansowane w ramach tegorocznego naboru Programu rozwoju ma\u0142ej infrastruktury sportowo-rekreacyjnej Otwarte Strefy Aktywno\u015bci \u2013 edycja 2019. W ramach zadania powstanie do ko\u0144ca sierpnia og\u00f3lnodost\u0119pna strefa sportowo-rekreacyjna: si\u0142ownia zewn\u0119trzna oraz tzw. strefa relaks wyposa\u017cona w urz\u0105dzenia do gier edukacyjnych i ma\u0142\u0105 architektur\u0119. Celem Programu OSA jest budowa wielofunkcyjnych, plenerowych stref aktywno\u015bci, skierowanych do r\u00f3\u017cnych grup wiekowych. Lokalizacja urz\u0105dze\u0144 si\u0142owni przy naszej szkole stworzy doskona\u0142\u0105 przestrze\u0144 aktywno\u015bci sportowej w po\u0142\u0105czeniu z terenami rekreacyjno \u2013 sportowymi.<br>W fazie opracowania jest wniosek do Wojew\u00f3dzkiego Funduszu Ochrony \u015arodowiska i Gospodarki Wodnej w Warszawie o dofinansowanie realizacji zadania pn. \u201eTerenowa infrastruktura s\u0142u\u017c\u0105ca rozwojowi edukacji ekologicznej w plac\u00f3wkach o\u015bwiatowych powiatu w\u0119growskiego, realizowana poprzez utworzenie infrastruktury terenowej z jednoczesnym prowadzeniem warsztat\u00f3w z zakresu ochrony \u015brodowiska przy Zespole Szk\u00f3\u0142 Ponadgimnazjalnych im. Jana Kochanowskiego\u201d. W ramach tego zadania zostanie zbudowana altana, utworzona \u015bcie\u017cka edukacyjna z zakresu botaniki, ekologii, mikrologii, za\u0142o\u017cone zostan\u0105 ogrody dydaktyczne oraz przeprowadzone b\u0119d\u0105 warsztaty edukacyjne dla m\u0142odzie\u017cy. Na \u015bcie\u017cce edukacyjnej zostan\u0105 umieszczone tablice informacyjno \u2013 edukacyjne.<br>Czekamy r\u00f3wnie\u017c na ostateczne ustalenia w ramach przyznanego projektu unijnego, kt\u00f3ry dotyczy wyjazdu zagranicznego m\u0142odzie\u017cy klas technikum i szko\u0142y bran\u017cowej na sta\u017ce zawodowe. Mi\u0119dzynarodowy charakter niniejszego projektu wynika bezpo\u015brednio z rosn\u0105cych wymaga\u0144 rynku pracy i post\u0119puj\u0105cej globalizacji wymagaj\u0105cej od pracownik\u00f3w du\u017cej mobilno\u015bci i ci\u0105g\u0142ego podnoszenia kwalifikacji, a przede wszystkim uczenia si\u0119 przez ca\u0142e \u017cycie, kt\u00f3re w szerszej perspektywie przyczyni si\u0119 do jego rozwoju. Celem realizacji sta\u017cy zagranicznych jest r\u00f3wnie\u017c stworzenie uczniom ZSP mo\u017cliwo\u015bci aktywnego uczestnictwa w europejskim rynku pracy oraz wdro\u017cenie ich do systemu kszta\u0142cenia ustawicznego poprzez po\u0142\u0105czenie edukacji z kszta\u0142ceniem zawodowym z uwzgl\u0119dnieniem aspekt\u00f3w wielokulturowo\u015bci. Projekt realizowany jest wed\u0142ug programu: &#8222;Sta\u017ce zagraniczne dla uczni\u00f3w i absolwent\u00f3w szk\u00f3\u0142 zawodowych oraz mobilno\u015b\u0107 kadry kszta\u0142cenia zawodowego. Program operacyjny: Wiedza Edukacja Rozw\u00f3j 2014 &#8211; 2020 wsp\u00f3\u0142finansowany z Europejskiego Funduszu Spo\u0142ecznego. Wszyscy uczniowie po zako\u0144czonym sta\u017cu otrzymaj\u0105 certyfikat uczestnictwa w programie, potwierdzaj\u0105cy odbycie praktyki w Unii Europejskiej. Opr\u00f3cz codziennych zaj\u0119\u0107 b\u0119dzie te\u017c czas na relaks i zwiedzanie. Uczniowie b\u0119d\u0105 mieli mo\u017cliwo\u015b\u0107 zdobycia du\u017cego do\u015bwiadczenia, kt\u00f3re z pewno\u015bci\u0105 zaprocentuje w ich p\u00f3\u017aniejszej karierze zawodowej.<br>Sam zdecyduj czy chcesz skorzysta\u0107 z naszych propozycji\u2026 bo Zesp\u00f3\u0142 Szk\u00f3\u0142 Ponadgimnazjalnych im. Jana Kochanowskiego w W\u0119growie to nie tylko budynek, do kt\u00f3rego trzeba przyj\u015b\u0107 rano z odrobionymi lekcjami i g\u0142ow\u0105 pe\u0142n\u0105 wiedzy. Jest to miejsce, gdzie mo\u017cna co\u015b zorganizowa\u0107, dobrze si\u0119 bawi\u0107 i mi\u0142o sp\u0119dzi\u0107 czas, mo\u017cna si\u0119 tu nawzajem pozna\u0107 i zintegrowa\u0107. Spotkasz tu wyj\u0105tkowych, m\u0142odych ludzi o licznych zainteresowaniach i pasjach. Uczymy wra\u017cliwo\u015bci na drugiego cz\u0142owieka. Nauczyciele s\u0105 otwarci i \u017cyczliwi na propozycje i wspieraj\u0105 uczni\u00f3w w dzia\u0142aniach, w szkole panuje atmosfera przyja\u017ani, szacunku i bezpiecze\u0144stwa. Jest to szko\u0142a Twoich dziadk\u00f3w, rodzic\u00f3w, rodze\u0144stwa. W naszej szkole ponad 50 lat tradycji \u0142\u0105czymy z nowoczesno\u015bci\u0105.<\/p>\n\n\n\n<p>Zapraszamy i czekamy w\u0142a\u015bnie na Ciebie\u2026.&nbsp;<\/p>\n","protected":false},"excerpt":{"rendered":"<p>Zesp\u00f3\u0142 Szk\u00f3\u0142 Ponadgimnazjalnych im. Jana Kochanowskiego w W\u0119growie prowadzi szereg dzia\u0142a\u0144 maj\u0105cych na celu przygotowanie do sprostania wymogom reformy edukacyjnej, kt\u00f3ra przewiduje konieczno\u015b\u0107 przyj\u0119cia do klas pierwszych zwi\u0119kszonej liczby uczni\u00f3w. Przygotowujemy szko\u0142\u0119, aby znalaz\u0142o si\u0119<\/p>\n","protected":false},"author":1,"featured_media":2133,"comment_status":"closed","ping_status":"closed","sticky":false,"template":"","format":"standard","meta":{"ngg_post_thumbnail":0,"_themeisle_gutenberg_block_has_review":false,"jetpack_post_was_ever_published":false,"_jetpack_newsletter_access":"","_jetpack_dont_email_post_to_subs":false,"_jetpack_newsletter_tier_id":0,"_jetpack_memberships_contains_paywalled_content":false,"_jetpack_memberships_contains_paid_content":false,"footnotes":"","jetpack_publicize_message":"","jetpack_publicize_feature_enabled":true,"jetpack_social_post_already_shared":true,"jetpack_social_options":{"image_generator_settings":{"template":"highway","default_image_id":0,"font":"","enabled":false},"version":2}},"categories":[],"tags":[],"class_list":["post-2127","post","type-post","status-publish","format-standard","has-post-thumbnail","hentry"],"jetpack_publicize_connections":[],"jetpack_featured_media_url":"https:\/\/i0.wp.com\/zsp.wegrow.pl\/wp-content\/uploads\/2019\/07\/nowy-rok-szkolny.png?fit=850%2C360&ssl=1","jetpack_sharing_enabled":true,"jetpack_shortlink":"https:\/\/wp.me\/paT2nI-yj","_links":{"self":[{"href":"https:\/\/zsp.wegrow.pl\/index.php\/wp-json\/wp\/v2\/posts\/2127","targetHints":{"allow":["GET"]}}],"collection":[{"href":"https:\/\/zsp.wegrow.pl\/index.php\/wp-json\/wp\/v2\/posts"}],"about":[{"href":"https:\/\/zsp.wegrow.pl\/index.php\/wp-json\/wp\/v2\/types\/post"}],"author":[{"embeddable":true,"href":"https:\/\/zsp.wegrow.pl\/index.php\/wp-json\/wp\/v2\/users\/1"}],"replies":[{"embeddable":true,"href":"https:\/\/zsp.wegrow.pl\/index.php\/wp-json\/wp\/v2\/comments?post=2127"}],"version-history":[{"count":4,"href":"https:\/\/zsp.wegrow.pl\/index.php\/wp-json\/wp\/v2\/posts\/2127\/revisions"}],"predecessor-version":[{"id":6944,"href":"https:\/\/zsp.wegrow.pl\/index.php\/wp-json\/wp\/v2\/posts\/2127\/revisions\/6944"}],"wp:featuredmedia":[{"embeddable":true,"href":"https:\/\/zsp.wegrow.pl\/index.php\/wp-json\/wp\/v2\/media\/2133"}],"wp:attachment":[{"href":"https:\/\/zsp.wegrow.pl\/index.php\/wp-json\/wp\/v2\/media?parent=2127"}],"wp:term":[{"taxonomy":"category","embeddable":true,"href":"https:\/\/zsp.wegrow.pl\/index.php\/wp-json\/wp\/v2\/categories?post=2127"},{"taxonomy":"post_tag","embeddable":true,"href":"https:\/\/zsp.wegrow.pl\/index.php\/wp-json\/wp\/v2\/tags?post=2127"}],"curies":[{"name":"wp","href":"https:\/\/api.w.org\/{rel}","templated":true}]}}