{"id":2558,"date":"2019-10-21T08:46:14","date_gmt":"2019-10-21T06:46:14","guid":{"rendered":"http:\/\/zsp.wegrow.pl\/?p=2558"},"modified":"2021-11-30T09:34:02","modified_gmt":"2021-11-30T08:34:02","slug":"wystawa-w-domu-gdanskim","status":"publish","type":"post","link":"https:\/\/zsp.wegrow.pl\/index.php\/2019\/10\/21\/wystawa-w-domu-gdanskim\/","title":{"rendered":"Wystawa w Domu Gda\u0144skim"},"content":{"rendered":"\n<p>Dnia 18 pa\u017adziernika 2019 r. uczniowie klasy I TI zwiedzili w Domu Gda\u0144skim wystaw\u0119 \u201eW\u0119gr\u00f3w oczami wroga. Fotografie z lat 1939 \u2013 1944.\u201d<br>Zgromadzone zdj\u0119cia przybli\u017cy\u0142y uczniom wojenne lata w naszym mie\u015bcie i powiecie. Zobaczyli ogrom zniszcze\u0144, trwog\u0119 mieszka\u0144c\u00f3w, a tak\u017ce beztrosk\u0119 i oboj\u0119tno\u015b\u0107 Niemc\u00f3w. Uczniowie dokonali wpisu do pami\u0105tkowej ksi\u0119gi. By\u0142a to niezwykle ciekawa lekcja patriotyczna zar\u00f3wno z j\u0119zyka polskiego jak i historii.<br>M\u0142odzie\u017c by\u0142a pod opiek\u0105 pani Magdaleny Ceglarskiej- Kowal i pani Beaty Kubiak-Sie\u0144ko. <\/p>\n\n\n\nngg_shortcode_0_placeholder\n","protected":false},"excerpt":{"rendered":"<p>Dnia 18 pa\u017adziernika 2019 r. uczniowie klasy I TI zwiedzili w Domu Gda\u0144skim wystaw\u0119 \u201eW\u0119gr\u00f3w oczami wroga. Fotografie z lat 1939 \u2013 1944.\u201dZgromadzone zdj\u0119cia przybli\u017cy\u0142y uczniom wojenne lata w naszym mie\u015bcie i powiecie. Zobaczyli ogrom<\/p>\n","protected":false},"author":1,"featured_media":2559,"comment_status":"closed","ping_status":"closed","sticky":false,"template":"","format":"standard","meta":{"ngg_post_thumbnail":0,"_themeisle_gutenberg_block_has_review":false,"jetpack_post_was_ever_published":false,"_jetpack_newsletter_access":"","_jetpack_dont_email_post_to_subs":false,"_jetpack_newsletter_tier_id":0,"_jetpack_memberships_contains_paywalled_content":false,"_jetpack_memberships_contains_paid_content":false,"footnotes":"","jetpack_publicize_message":"","jetpack_publicize_feature_enabled":true,"jetpack_social_post_already_shared":true,"jetpack_social_options":{"image_generator_settings":{"template":"highway","default_image_id":0,"font":"","enabled":false},"version":2}},"categories":[],"tags":[],"class_list":["post-2558","post","type-post","status-publish","format-standard","has-post-thumbnail","hentry"],"jetpack_publicize_connections":[],"jetpack_featured_media_url":"https:\/\/i0.wp.com\/zsp.wegrow.pl\/wp-content\/uploads\/2019\/10\/01-9.jpg?fit=1927%2C1452&ssl=1","jetpack_sharing_enabled":true,"jetpack_shortlink":"https:\/\/wp.me\/paT2nI-Fg","_links":{"self":[{"href":"https:\/\/zsp.wegrow.pl\/index.php\/wp-json\/wp\/v2\/posts\/2558","targetHints":{"allow":["GET"]}}],"collection":[{"href":"https:\/\/zsp.wegrow.pl\/index.php\/wp-json\/wp\/v2\/posts"}],"about":[{"href":"https:\/\/zsp.wegrow.pl\/index.php\/wp-json\/wp\/v2\/types\/post"}],"author":[{"embeddable":true,"href":"https:\/\/zsp.wegrow.pl\/index.php\/wp-json\/wp\/v2\/users\/1"}],"replies":[{"embeddable":true,"href":"https:\/\/zsp.wegrow.pl\/index.php\/wp-json\/wp\/v2\/comments?post=2558"}],"version-history":[{"count":1,"href":"https:\/\/zsp.wegrow.pl\/index.php\/wp-json\/wp\/v2\/posts\/2558\/revisions"}],"predecessor-version":[{"id":2568,"href":"https:\/\/zsp.wegrow.pl\/index.php\/wp-json\/wp\/v2\/posts\/2558\/revisions\/2568"}],"wp:featuredmedia":[{"embeddable":true,"href":"https:\/\/zsp.wegrow.pl\/index.php\/wp-json\/wp\/v2\/media\/2559"}],"wp:attachment":[{"href":"https:\/\/zsp.wegrow.pl\/index.php\/wp-json\/wp\/v2\/media?parent=2558"}],"wp:term":[{"taxonomy":"category","embeddable":true,"href":"https:\/\/zsp.wegrow.pl\/index.php\/wp-json\/wp\/v2\/categories?post=2558"},{"taxonomy":"post_tag","embeddable":true,"href":"https:\/\/zsp.wegrow.pl\/index.php\/wp-json\/wp\/v2\/tags?post=2558"}],"curies":[{"name":"wp","href":"https:\/\/api.w.org\/{rel}","templated":true}]}}