{"id":2605,"date":"2019-10-25T18:00:48","date_gmt":"2019-10-25T16:00:48","guid":{"rendered":"http:\/\/zsp.wegrow.pl\/?p=2605"},"modified":"2019-10-28T11:33:09","modified_gmt":"2019-10-28T10:33:09","slug":"projekt-3-2-1-start-certyfikaty","status":"publish","type":"post","link":"https:\/\/zsp.wegrow.pl\/index.php\/2019\/10\/25\/projekt-3-2-1-start-certyfikaty\/","title":{"rendered":"Projekt &#8222;3, 2, 1 &#8211; Start!&#8221; &#8211; certyfikaty"},"content":{"rendered":"\n<p style=\"text-align:justify\" class=\"has-drop-cap\">Przygotowania do udzia\u0142u w projekcie &#8222;3, 2, 1-Start! Inwestycja w wiedz\u0119 bram\u0105 do sukcesu zawodowego\u201d w ramach programu \u201eSta\u017ce zagraniczne dla uczni\u00f3w i absolwent\u00f3w szk\u00f3\u0142 zawodowych oraz mobilno\u015b\u0107 kadry kszta\u0142cenia zawodowego. Program operacyjny: Wiedza Edukacja Rozw\u00f3j 2014 \u2013 2020 wsp\u00f3\u0142finansowany z Europejskiego Funduszu Spo\u0142ecznego dobieg\u0142y ko\u0144ca.<br>25 pa\u017adziernika m\u0142odzie\u017c uczestnicz\u0105ca w projekcie otrzyma\u0142a certyfikaty potwierdzaj\u0105ce udzia\u0142 w zaj\u0119ciach przygotowuj\u0105cych do&nbsp;wyjazdu na sta\u017ce zawodowe w Grecji. Podsumowano szereg zaj\u0119\u0107 i warsztat\u00f3w, w kt\u00f3rych uczestniczyli uczniowie. Wyjazd na sta\u017ce zawodowe poprzedzony by\u0142 zaj\u0119ciami kulturalno-pedagogicznymi, lektoratem j\u0119zyka angielskiego i greckiego dla wszystkich uczni\u00f3w wyje\u017cd\u017caj\u0105cych do Grecji. Wa\u017cnym punktem przygotowa\u0144 by\u0142o spotkanie organizacyjne na kt\u00f3rym podpisano wymagane umowy. W spotkaniu uczestniczy\u0142 Dyrektor szko\u0142y, pan Jacek Nowotniak, opiekunowie m\u0142odzie\u017cy- pani Joanna Skiba i pani Brygida Str\u0105k oraz licznie przybyli rodzice i uczniowie. Podczas spotkania z rodzicami Dyrektor przedstawi\u0142 szczeg\u00f3\u0142y zwi\u0105zane z praktykami, przekaza\u0142 niezb\u0119dne informacje i om\u00f3wi\u0142 zasady uczestnictwa w projekcie. Dodatkowo om\u00f3wi\u0142, jakie atrakcje kulturalne czekaj\u0105 na uczni\u00f3w w wolnym czasie. Prezentacja za\u0142o\u017ce\u0144 projektu i wsp\u00f3lna rozmowa potwierdzi\u0142y jego transparentno\u015b\u0107, rozwia\u0142y ewentualne obawy rodzic\u00f3w zwi\u0105zane z wyjazdem swoich dzieci. Rodzice nie ukrywali, i\u017c dla wielu z nich jest to pierwszy wyjazd za granic\u0119 kraju.<br>M\u0142odzie\u017c zosta\u0142a zakwalifikowana do projektu w drodze rekrutacji. Kryteriami wyboru beneficjent\u00f3w programu by\u0142y post\u0119py w nauce, wyniki w kszta\u0142ceniu zawodowym, znajomo\u015b\u0107 j\u0119zyk\u00f3w obcych, aktywno\u015b\u0107 w szkole i na zaj\u0119ciach pozaszkolnych, zachowanie, kultura osobista, umiej\u0119tno\u015bci pracy w grupie i komunikatywno\u015b\u0107.<\/p>\n\n\n\nngg_shortcode_0_placeholder\n","protected":false},"excerpt":{"rendered":"<p>Przygotowania do udzia\u0142u w projekcie &#8222;3, 2, 1-Start! Inwestycja w wiedz\u0119 bram\u0105 do sukcesu zawodowego\u201d w ramach programu \u201eSta\u017ce zagraniczne dla uczni\u00f3w i absolwent\u00f3w szk\u00f3\u0142 zawodowych oraz mobilno\u015b\u0107 kadry kszta\u0142cenia zawodowego. Program operacyjny: Wiedza Edukacja<\/p>\n","protected":false},"author":1,"featured_media":2606,"comment_status":"closed","ping_status":"closed","sticky":false,"template":"","format":"standard","meta":{"ngg_post_thumbnail":0,"_themeisle_gutenberg_block_has_review":false,"jetpack_post_was_ever_published":false,"_jetpack_newsletter_access":"","_jetpack_dont_email_post_to_subs":false,"_jetpack_newsletter_tier_id":0,"_jetpack_memberships_contains_paywalled_content":false,"_jetpack_memberships_contains_paid_content":false,"footnotes":"","jetpack_publicize_message":"","jetpack_publicize_feature_enabled":true,"jetpack_social_post_already_shared":true,"jetpack_social_options":{"image_generator_settings":{"template":"highway","default_image_id":0,"font":"","enabled":false},"version":2}},"categories":[40,37],"tags":[],"class_list":["post-2605","post","type-post","status-publish","format-standard","has-post-thumbnail","hentry","category-3-2-1-start","category-projekty"],"jetpack_publicize_connections":[],"jetpack_featured_media_url":"https:\/\/i0.wp.com\/zsp.wegrow.pl\/wp-content\/uploads\/2019\/10\/01-12.jpg?fit=1200%2C729&ssl=1","jetpack_sharing_enabled":true,"jetpack_shortlink":"https:\/\/wp.me\/paT2nI-G1","_links":{"self":[{"href":"https:\/\/zsp.wegrow.pl\/index.php\/wp-json\/wp\/v2\/posts\/2605","targetHints":{"allow":["GET"]}}],"collection":[{"href":"https:\/\/zsp.wegrow.pl\/index.php\/wp-json\/wp\/v2\/posts"}],"about":[{"href":"https:\/\/zsp.wegrow.pl\/index.php\/wp-json\/wp\/v2\/types\/post"}],"author":[{"embeddable":true,"href":"https:\/\/zsp.wegrow.pl\/index.php\/wp-json\/wp\/v2\/users\/1"}],"replies":[{"embeddable":true,"href":"https:\/\/zsp.wegrow.pl\/index.php\/wp-json\/wp\/v2\/comments?post=2605"}],"version-history":[{"count":2,"href":"https:\/\/zsp.wegrow.pl\/index.php\/wp-json\/wp\/v2\/posts\/2605\/revisions"}],"predecessor-version":[{"id":2659,"href":"https:\/\/zsp.wegrow.pl\/index.php\/wp-json\/wp\/v2\/posts\/2605\/revisions\/2659"}],"wp:featuredmedia":[{"embeddable":true,"href":"https:\/\/zsp.wegrow.pl\/index.php\/wp-json\/wp\/v2\/media\/2606"}],"wp:attachment":[{"href":"https:\/\/zsp.wegrow.pl\/index.php\/wp-json\/wp\/v2\/media?parent=2605"}],"wp:term":[{"taxonomy":"category","embeddable":true,"href":"https:\/\/zsp.wegrow.pl\/index.php\/wp-json\/wp\/v2\/categories?post=2605"},{"taxonomy":"post_tag","embeddable":true,"href":"https:\/\/zsp.wegrow.pl\/index.php\/wp-json\/wp\/v2\/tags?post=2605"}],"curies":[{"name":"wp","href":"https:\/\/api.w.org\/{rel}","templated":true}]}}