{"id":3128,"date":"2019-11-04T15:07:06","date_gmt":"2019-11-04T14:07:06","guid":{"rendered":"http:\/\/zsp.wegrow.pl\/?p=3128"},"modified":"2019-11-08T15:08:14","modified_gmt":"2019-11-08T14:08:14","slug":"z-wizyta-na-katolickim-uniwersytecie-lubelskim","status":"publish","type":"post","link":"https:\/\/zsp.wegrow.pl\/index.php\/2019\/11\/04\/z-wizyta-na-katolickim-uniwersytecie-lubelskim\/","title":{"rendered":"Z wizyt\u0105 na Katolickim Uniwersytecie Lubelskim"},"content":{"rendered":"\n<p style=\"text-align:justify\">Uczniowie klas 1Ti, 1ek i 1h odwiedzili Katolicki Uniwersytet Lubelski Jana Paw\u0142a II . Uczestniczyli w wyk\u0142adzie akademickim ,,Nie mog\u0119 \u017cy\u0107 bez kom\u00f3rki czyli rzecz o nowoczesnych uzale\u017cnieniach &#8222;jak r\u00f3wnie\u017c zwiedzili t\u0119 ponad stuletni\u0105 ju\u017c uczelni\u0119. Wycieczk\u0119 zorganizowa\u0142a wychowawczyni kl 1Ti pani Iwona Go\u0142\u0119biewska.<\/p>\n\n\n\nngg_shortcode_0_placeholder\n","protected":false},"excerpt":{"rendered":"<p>Uczniowie klas 1Ti, 1ek i 1h odwiedzili Katolicki Uniwersytet Lubelski Jana Paw\u0142a II . Uczestniczyli w wyk\u0142adzie akademickim ,,Nie mog\u0119 \u017cy\u0107 bez kom\u00f3rki czyli rzecz o nowoczesnych uzale\u017cnieniach &#8222;jak r\u00f3wnie\u017c zwiedzili t\u0119 ponad stuletni\u0105 ju\u017c<\/p>\n","protected":false},"author":1,"featured_media":3129,"comment_status":"closed","ping_status":"closed","sticky":false,"template":"","format":"standard","meta":{"ngg_post_thumbnail":0,"_themeisle_gutenberg_block_has_review":false,"jetpack_post_was_ever_published":false,"_jetpack_newsletter_access":"","_jetpack_dont_email_post_to_subs":false,"_jetpack_newsletter_tier_id":0,"_jetpack_memberships_contains_paywalled_content":false,"_jetpack_memberships_contains_paid_content":false,"footnotes":"","jetpack_publicize_message":"","jetpack_publicize_feature_enabled":true,"jetpack_social_post_already_shared":true,"jetpack_social_options":{"image_generator_settings":{"template":"highway","default_image_id":0,"font":"","enabled":false},"version":2}},"categories":[29],"tags":[],"class_list":["post-3128","post","type-post","status-publish","format-standard","has-post-thumbnail","hentry","category-wycieczki"],"jetpack_publicize_connections":[],"jetpack_featured_media_url":"https:\/\/i0.wp.com\/zsp.wegrow.pl\/wp-content\/uploads\/2019\/11\/01-9.jpg?fit=560%2C756&ssl=1","jetpack_sharing_enabled":true,"jetpack_shortlink":"https:\/\/wp.me\/paT2nI-Os","_links":{"self":[{"href":"https:\/\/zsp.wegrow.pl\/index.php\/wp-json\/wp\/v2\/posts\/3128","targetHints":{"allow":["GET"]}}],"collection":[{"href":"https:\/\/zsp.wegrow.pl\/index.php\/wp-json\/wp\/v2\/posts"}],"about":[{"href":"https:\/\/zsp.wegrow.pl\/index.php\/wp-json\/wp\/v2\/types\/post"}],"author":[{"embeddable":true,"href":"https:\/\/zsp.wegrow.pl\/index.php\/wp-json\/wp\/v2\/users\/1"}],"replies":[{"embeddable":true,"href":"https:\/\/zsp.wegrow.pl\/index.php\/wp-json\/wp\/v2\/comments?post=3128"}],"version-history":[{"count":1,"href":"https:\/\/zsp.wegrow.pl\/index.php\/wp-json\/wp\/v2\/posts\/3128\/revisions"}],"predecessor-version":[{"id":3138,"href":"https:\/\/zsp.wegrow.pl\/index.php\/wp-json\/wp\/v2\/posts\/3128\/revisions\/3138"}],"wp:featuredmedia":[{"embeddable":true,"href":"https:\/\/zsp.wegrow.pl\/index.php\/wp-json\/wp\/v2\/media\/3129"}],"wp:attachment":[{"href":"https:\/\/zsp.wegrow.pl\/index.php\/wp-json\/wp\/v2\/media?parent=3128"}],"wp:term":[{"taxonomy":"category","embeddable":true,"href":"https:\/\/zsp.wegrow.pl\/index.php\/wp-json\/wp\/v2\/categories?post=3128"},{"taxonomy":"post_tag","embeddable":true,"href":"https:\/\/zsp.wegrow.pl\/index.php\/wp-json\/wp\/v2\/tags?post=3128"}],"curies":[{"name":"wp","href":"https:\/\/api.w.org\/{rel}","templated":true}]}}