{"id":3421,"date":"2019-11-28T12:56:44","date_gmt":"2019-11-28T11:56:44","guid":{"rendered":"http:\/\/zsp.wegrow.pl\/?p=3421"},"modified":"2019-11-28T12:56:44","modified_gmt":"2019-11-28T11:56:44","slug":"pilsudski-jakiego-nie-znamy","status":"publish","type":"post","link":"https:\/\/zsp.wegrow.pl\/index.php\/2019\/11\/28\/pilsudski-jakiego-nie-znamy\/","title":{"rendered":"&#8222;Pi\u0142sudski jakiego nie znamy&#8221;"},"content":{"rendered":"\n<p class=\"has-text-align-justify\">14 listopada 2019 r. m\u0142odzie\u017c z klasy II LOS wzi\u0119\u0142a udzia\u0142 w cyklu wydarze\u0144 zwi\u0105zanych z obchodami 101 rocznicy odzyskania przez Polsk\u0119 niepodleg\u0142o\u015bci. Towarzystwo Mi\u0142o\u015bnik\u00f3w Ziemi W\u0119growskiej i Biblioteka Miejska we wsp\u00f3\u0142pracy ze Szko\u0142\u0105 Podstawow\u0105 im. J.Paw\u0142a II oraz Zespo\u0142em Szk\u00f3\u0142 Ponadpodstawowych im. Jana Kochanowskiego zorganizowa\u0142y pi\u0119kn\u0105 uroczysto\u015b\u0107, kt\u00f3rej cz\u0119\u015bci\u0105 by\u0142a sesja popularnonaukowa pt. &#8222;Pi\u0142sudski jakiego nie znamy&#8221;. Referaty wyg\u0142asza\u0142y uczennice naszego liceum: Angelika Basiak, Oliwia Jab\u0142onowska, Ewelina i Ola Popowskie oraz Iza Potocka. Prezentacj\u0119 multimedialn\u0105 stworzy\u0142 i wy\u015bwietli\u0142 Mateusz Potera, a Karolina Kozio\u0142, Martyna Maliszewska i Kamila Rudnicka upiek\u0142y cynamonowe sucharki &#8211; wielki przysmak marsza\u0142ka Pi\u0142sudskiego. Pomaga\u0142y r\u00f3wnie\u017c Ma\u0142gorzata Pazio, Monika Karnicka oraz Ewelina Kosieradzka z kl. II LOM. Prelegenci z naszej szko\u0142y us\u0142yszeli wiele pochwa\u0142 i s\u0142\u00f3w uznania za ciekawe i solidne w\u0142\u0105czenie si\u0119 do sesji. Nad przygotowaniem m\u0142odzie\u017cy do sesji popularnonaukowej czuwa\u0142a pani El\u017cbieta Topoli\u0144ska.<\/p>\n\n\n\nngg_shortcode_0_placeholder\n","protected":false},"excerpt":{"rendered":"<p>14 listopada 2019 r. m\u0142odzie\u017c z klasy II LOS wzi\u0119\u0142a udzia\u0142 w cyklu wydarze\u0144 zwi\u0105zanych z obchodami 101 rocznicy odzyskania przez Polsk\u0119 niepodleg\u0142o\u015bci. Towarzystwo Mi\u0142o\u015bnik\u00f3w Ziemi W\u0119growskiej i Biblioteka Miejska we wsp\u00f3\u0142pracy ze Szko\u0142\u0105 Podstawow\u0105<\/p>\n","protected":false},"author":1,"featured_media":3422,"comment_status":"closed","ping_status":"closed","sticky":false,"template":"","format":"standard","meta":{"ngg_post_thumbnail":0,"_themeisle_gutenberg_block_has_review":false,"jetpack_post_was_ever_published":false,"_jetpack_newsletter_access":"","_jetpack_dont_email_post_to_subs":false,"_jetpack_newsletter_tier_id":0,"_jetpack_memberships_contains_paywalled_content":false,"_jetpack_memberships_contains_paid_content":false,"footnotes":"","jetpack_publicize_message":"","jetpack_publicize_feature_enabled":true,"jetpack_social_post_already_shared":true,"jetpack_social_options":{"image_generator_settings":{"template":"highway","default_image_id":0,"font":"","enabled":false},"version":2}},"categories":[38],"tags":[],"class_list":["post-3421","post","type-post","status-publish","format-standard","has-post-thumbnail","hentry","category-uroczystosci"],"jetpack_publicize_connections":[],"jetpack_featured_media_url":"https:\/\/i0.wp.com\/zsp.wegrow.pl\/wp-content\/uploads\/2019\/11\/01-18.jpg?fit=1722%2C969&ssl=1","jetpack_sharing_enabled":true,"jetpack_shortlink":"https:\/\/wp.me\/paT2nI-Tb","_links":{"self":[{"href":"https:\/\/zsp.wegrow.pl\/index.php\/wp-json\/wp\/v2\/posts\/3421","targetHints":{"allow":["GET"]}}],"collection":[{"href":"https:\/\/zsp.wegrow.pl\/index.php\/wp-json\/wp\/v2\/posts"}],"about":[{"href":"https:\/\/zsp.wegrow.pl\/index.php\/wp-json\/wp\/v2\/types\/post"}],"author":[{"embeddable":true,"href":"https:\/\/zsp.wegrow.pl\/index.php\/wp-json\/wp\/v2\/users\/1"}],"replies":[{"embeddable":true,"href":"https:\/\/zsp.wegrow.pl\/index.php\/wp-json\/wp\/v2\/comments?post=3421"}],"version-history":[{"count":1,"href":"https:\/\/zsp.wegrow.pl\/index.php\/wp-json\/wp\/v2\/posts\/3421\/revisions"}],"predecessor-version":[{"id":3435,"href":"https:\/\/zsp.wegrow.pl\/index.php\/wp-json\/wp\/v2\/posts\/3421\/revisions\/3435"}],"wp:featuredmedia":[{"embeddable":true,"href":"https:\/\/zsp.wegrow.pl\/index.php\/wp-json\/wp\/v2\/media\/3422"}],"wp:attachment":[{"href":"https:\/\/zsp.wegrow.pl\/index.php\/wp-json\/wp\/v2\/media?parent=3421"}],"wp:term":[{"taxonomy":"category","embeddable":true,"href":"https:\/\/zsp.wegrow.pl\/index.php\/wp-json\/wp\/v2\/categories?post=3421"},{"taxonomy":"post_tag","embeddable":true,"href":"https:\/\/zsp.wegrow.pl\/index.php\/wp-json\/wp\/v2\/tags?post=3421"}],"curies":[{"name":"wp","href":"https:\/\/api.w.org\/{rel}","templated":true}]}}