{"id":3703,"date":"2019-12-20T09:19:06","date_gmt":"2019-12-20T08:19:06","guid":{"rendered":"http:\/\/zsp.wegrow.pl\/?p=3703"},"modified":"2019-12-20T09:19:06","modified_gmt":"2019-12-20T08:19:06","slug":"wiezienie-stracony-czas","status":"publish","type":"post","link":"https:\/\/zsp.wegrow.pl\/index.php\/2019\/12\/20\/wiezienie-stracony-czas\/","title":{"rendered":"&#8222;Wi\u0119zienie &#8211; stracony czas&#8221;"},"content":{"rendered":"\n<p class=\"has-text-align-justify\">17 grudnia 2019 r. klasa II Lom mia\u0142a okazj\u0119 uczestniczy\u0107 w projekcie edukacyjno &#8211; profilaktycznym realizowanym przez Zak\u0142ad Karny w Siedlcach pt.:&#8221;Wi\u0119zienie &#8211; stracony czas&#8221;. G\u0142\u00f3wny cel projektu to dzia\u0142ania prewencyjne &#8211; ograniczenie przest\u0119pczo\u015bci nieletnich poprzez wskazanie m\u0142odym ludziom konsekwencji z\u0142ych wybor\u00f3w \u017cyciowych, kt\u00f3re mog\u0105 si\u0119 sko\u0144czy\u0107 z\u0142amaniem przepis\u00f3w prawa, popadaniem w uzale\u017cnienia a w rezultacie realn\u0105 gro\u017ab\u0105 d\u0142ugoletniego wi\u0119zienia. Opiekunami grupy by\u0142y panie Magdalena Ceglarska-Kowal i Edyta Kozie\u0142.<\/p>\n\n\n\n<div class=\"wp-block-image\"><figure class=\"aligncenter size-full\"><a href=\"https:\/\/i0.wp.com\/zsp.wegrow.pl\/wp-content\/uploads\/2019\/12\/wi%C4%99zienie.jpg\" target=\"_blank\" rel=\"noreferrer noopener\"><img data-recalc-dims=\"1\" fetchpriority=\"high\" decoding=\"async\" width=\"840\" height=\"630\" src=\"https:\/\/i0.wp.com\/zsp.wegrow.pl\/wp-content\/uploads\/2019\/12\/wi%C4%99zienie.jpg?resize=840%2C630\" alt=\"\" class=\"wp-image-3704\" srcset=\"https:\/\/i0.wp.com\/zsp.wegrow.pl\/wp-content\/uploads\/2019\/12\/wi%C4%99zienie.jpg?w=960&amp;ssl=1 960w, https:\/\/i0.wp.com\/zsp.wegrow.pl\/wp-content\/uploads\/2019\/12\/wi%C4%99zienie.jpg?resize=300%2C225&amp;ssl=1 300w, https:\/\/i0.wp.com\/zsp.wegrow.pl\/wp-content\/uploads\/2019\/12\/wi%C4%99zienie.jpg?resize=150%2C113&amp;ssl=1 150w, https:\/\/i0.wp.com\/zsp.wegrow.pl\/wp-content\/uploads\/2019\/12\/wi%C4%99zienie.jpg?resize=768%2C576&amp;ssl=1 768w, https:\/\/i0.wp.com\/zsp.wegrow.pl\/wp-content\/uploads\/2019\/12\/wi%C4%99zienie.jpg?resize=840%2C630&amp;ssl=1 840w, https:\/\/i0.wp.com\/zsp.wegrow.pl\/wp-content\/uploads\/2019\/12\/wi%C4%99zienie.jpg?resize=440%2C330&amp;ssl=1 440w\" sizes=\"(max-width: 840px) 100vw, 840px\" \/><\/a><\/figure><\/div>\n","protected":false},"excerpt":{"rendered":"<p>17 grudnia 2019 r. klasa II Lom mia\u0142a okazj\u0119 uczestniczy\u0107 w projekcie edukacyjno &#8211; profilaktycznym realizowanym przez Zak\u0142ad Karny w Siedlcach pt.:&#8221;Wi\u0119zienie &#8211; stracony czas&#8221;. G\u0142\u00f3wny cel projektu to dzia\u0142ania prewencyjne &#8211; ograniczenie przest\u0119pczo\u015bci nieletnich<\/p>\n","protected":false},"author":1,"featured_media":3704,"comment_status":"closed","ping_status":"closed","sticky":false,"template":"","format":"standard","meta":{"ngg_post_thumbnail":0,"_themeisle_gutenberg_block_has_review":false,"jetpack_post_was_ever_published":false,"_jetpack_newsletter_access":"","_jetpack_dont_email_post_to_subs":false,"_jetpack_newsletter_tier_id":0,"_jetpack_memberships_contains_paywalled_content":false,"_jetpack_memberships_contains_paid_content":false,"footnotes":"","jetpack_publicize_message":"","jetpack_publicize_feature_enabled":true,"jetpack_social_post_already_shared":true,"jetpack_social_options":{"image_generator_settings":{"template":"highway","default_image_id":0,"font":"","enabled":false},"version":2}},"categories":[23,37],"tags":[],"class_list":["post-3703","post","type-post","status-publish","format-standard","has-post-thumbnail","hentry","category-klasy-mundurowe","category-projekty"],"jetpack_publicize_connections":[],"jetpack_featured_media_url":"https:\/\/i0.wp.com\/zsp.wegrow.pl\/wp-content\/uploads\/2019\/12\/wi%C4%99zienie.jpg?fit=960%2C720&ssl=1","jetpack_sharing_enabled":true,"jetpack_shortlink":"https:\/\/wp.me\/paT2nI-XJ","_links":{"self":[{"href":"https:\/\/zsp.wegrow.pl\/index.php\/wp-json\/wp\/v2\/posts\/3703","targetHints":{"allow":["GET"]}}],"collection":[{"href":"https:\/\/zsp.wegrow.pl\/index.php\/wp-json\/wp\/v2\/posts"}],"about":[{"href":"https:\/\/zsp.wegrow.pl\/index.php\/wp-json\/wp\/v2\/types\/post"}],"author":[{"embeddable":true,"href":"https:\/\/zsp.wegrow.pl\/index.php\/wp-json\/wp\/v2\/users\/1"}],"replies":[{"embeddable":true,"href":"https:\/\/zsp.wegrow.pl\/index.php\/wp-json\/wp\/v2\/comments?post=3703"}],"version-history":[{"count":1,"href":"https:\/\/zsp.wegrow.pl\/index.php\/wp-json\/wp\/v2\/posts\/3703\/revisions"}],"predecessor-version":[{"id":3705,"href":"https:\/\/zsp.wegrow.pl\/index.php\/wp-json\/wp\/v2\/posts\/3703\/revisions\/3705"}],"wp:featuredmedia":[{"embeddable":true,"href":"https:\/\/zsp.wegrow.pl\/index.php\/wp-json\/wp\/v2\/media\/3704"}],"wp:attachment":[{"href":"https:\/\/zsp.wegrow.pl\/index.php\/wp-json\/wp\/v2\/media?parent=3703"}],"wp:term":[{"taxonomy":"category","embeddable":true,"href":"https:\/\/zsp.wegrow.pl\/index.php\/wp-json\/wp\/v2\/categories?post=3703"},{"taxonomy":"post_tag","embeddable":true,"href":"https:\/\/zsp.wegrow.pl\/index.php\/wp-json\/wp\/v2\/tags?post=3703"}],"curies":[{"name":"wp","href":"https:\/\/api.w.org\/{rel}","templated":true}]}}