{"id":4028,"date":"2020-02-06T09:08:35","date_gmt":"2020-02-06T08:08:35","guid":{"rendered":"http:\/\/zsp.wegrow.pl\/?p=4028"},"modified":"2020-02-06T09:08:35","modified_gmt":"2020-02-06T08:08:35","slug":"157-rocznica-bitwy-pod-wegrowem","status":"publish","type":"post","link":"https:\/\/zsp.wegrow.pl\/index.php\/2020\/02\/06\/157-rocznica-bitwy-pod-wegrowem\/","title":{"rendered":"157 Rocznica Bitwy pod W\u0119growem"},"content":{"rendered":"\n<p class=\"has-text-align-justify\">2 lutego upami\u0119tnili\u015bmy 157 Rocznic\u0119 Bitwy pod W\u0119growem . Poczet Sztandarowy Szko\u0142y, klasy mundurowe, grupa rekonstrukcyjna Kosynier\u00f3w oraz Poczet Sztandarowy Powsta\u0144czy to reprezentacja szko\u0142y, kt\u00f3ra bra\u0142a udzia\u0142 w obchodach rocznicy wydarze\u0144 1863 r. Opiek\u0119 nas m\u0142odzie\u017c\u0105 sprawowa\u0142y nauczycielki : p. Edyta Kozie\u0142, p. Monika Krasnod\u0119bska, p. Beata Oprz\u0105dek, p. Katarzyna Grenda. Dzi\u0119kujemy za zaanga\u017cowanie Uczniom i Nauczycielom.<br>Fot. p. J. Baum <\/p>\n\n\n\nngg_shortcode_0_placeholder\n","protected":false},"excerpt":{"rendered":"<p>2 lutego upami\u0119tnili\u015bmy 157 Rocznic\u0119 Bitwy pod W\u0119growem . Poczet Sztandarowy Szko\u0142y, klasy mundurowe, grupa rekonstrukcyjna Kosynier\u00f3w oraz Poczet Sztandarowy Powsta\u0144czy to reprezentacja szko\u0142y, kt\u00f3ra bra\u0142a udzia\u0142 w obchodach rocznicy wydarze\u0144 1863 r. Opiek\u0119 nas<\/p>\n","protected":false},"author":1,"featured_media":4029,"comment_status":"closed","ping_status":"closed","sticky":false,"template":"","format":"standard","meta":{"ngg_post_thumbnail":0,"_themeisle_gutenberg_block_has_review":false,"jetpack_post_was_ever_published":false,"_jetpack_newsletter_access":"","_jetpack_dont_email_post_to_subs":false,"_jetpack_newsletter_tier_id":0,"_jetpack_memberships_contains_paywalled_content":false,"_jetpack_memberships_contains_paid_content":false,"footnotes":"","jetpack_publicize_message":"","jetpack_publicize_feature_enabled":true,"jetpack_social_post_already_shared":true,"jetpack_social_options":{"image_generator_settings":{"template":"highway","default_image_id":0,"font":"","enabled":false},"version":2}},"categories":[23,38],"tags":[],"class_list":["post-4028","post","type-post","status-publish","format-standard","has-post-thumbnail","hentry","category-klasy-mundurowe","category-uroczystosci"],"jetpack_publicize_connections":[],"jetpack_featured_media_url":"https:\/\/i0.wp.com\/zsp.wegrow.pl\/wp-content\/uploads\/2020\/02\/01-4.jpg?fit=960%2C640&ssl=1","jetpack_sharing_enabled":true,"jetpack_shortlink":"https:\/\/wp.me\/paT2nI-12Y","_links":{"self":[{"href":"https:\/\/zsp.wegrow.pl\/index.php\/wp-json\/wp\/v2\/posts\/4028","targetHints":{"allow":["GET"]}}],"collection":[{"href":"https:\/\/zsp.wegrow.pl\/index.php\/wp-json\/wp\/v2\/posts"}],"about":[{"href":"https:\/\/zsp.wegrow.pl\/index.php\/wp-json\/wp\/v2\/types\/post"}],"author":[{"embeddable":true,"href":"https:\/\/zsp.wegrow.pl\/index.php\/wp-json\/wp\/v2\/users\/1"}],"replies":[{"embeddable":true,"href":"https:\/\/zsp.wegrow.pl\/index.php\/wp-json\/wp\/v2\/comments?post=4028"}],"version-history":[{"count":1,"href":"https:\/\/zsp.wegrow.pl\/index.php\/wp-json\/wp\/v2\/posts\/4028\/revisions"}],"predecessor-version":[{"id":4094,"href":"https:\/\/zsp.wegrow.pl\/index.php\/wp-json\/wp\/v2\/posts\/4028\/revisions\/4094"}],"wp:featuredmedia":[{"embeddable":true,"href":"https:\/\/zsp.wegrow.pl\/index.php\/wp-json\/wp\/v2\/media\/4029"}],"wp:attachment":[{"href":"https:\/\/zsp.wegrow.pl\/index.php\/wp-json\/wp\/v2\/media?parent=4028"}],"wp:term":[{"taxonomy":"category","embeddable":true,"href":"https:\/\/zsp.wegrow.pl\/index.php\/wp-json\/wp\/v2\/categories?post=4028"},{"taxonomy":"post_tag","embeddable":true,"href":"https:\/\/zsp.wegrow.pl\/index.php\/wp-json\/wp\/v2\/tags?post=4028"}],"curies":[{"name":"wp","href":"https:\/\/api.w.org\/{rel}","templated":true}]}}