{"id":421,"date":"2019-04-09T10:53:25","date_gmt":"2019-04-09T08:53:25","guid":{"rendered":"http:\/\/zsp.wegrow.pl\/?p=421"},"modified":"2019-04-09T10:55:08","modified_gmt":"2019-04-09T08:55:08","slug":"slubowanie-uczniow-pierwszej-klasy-mundurowej-ii-liceum-ogolnoksztalcacego","status":"publish","type":"post","link":"https:\/\/zsp.wegrow.pl\/index.php\/2019\/04\/09\/slubowanie-uczniow-pierwszej-klasy-mundurowej-ii-liceum-ogolnoksztalcacego\/","title":{"rendered":"\u015alubowanie uczni\u00f3w pierwszej klasy mundurowej II Liceum Og\u00f3lnokszta\u0142c\u0105cego"},"content":{"rendered":"\n<p>&#8222;Ojczyzna \u2013 to my sami, to serca nasze w\u0142asne\u201d<\/p>\n\n\n\n<p>Dnia 4-go kwietnia 2019r. w Zespole Szk\u00f3\u0142 Ponadgimnazjalnych im. Jana Kochanowskiego <br>w W\u0119growie odby\u0142o si\u0119 \u015blubowanie uczni\u00f3w pierwszej klasy mundurowej II Liceum Og\u00f3lnokszta\u0142c\u0105cego. Has\u0142o przewodnie towarzysz\u0105ce uroczysto\u015bci to s\u0142owa ksi\u0119dza Piotra Skargi \u201eOjczyzna \u2013 to my sami, to serca nasze w\u0142asne\u201d. Uroczysto\u015b\u0107 rozpocz\u0119to pokazem musztry, nast\u0119pnie od\u015bpiewano hymn pa\u0144stwowy i nast\u0105pi\u0142a najwa\u017cniejsza cz\u0119\u015b\u0107, czyli \u015blubowanie.\u00a0Wyr\u00f3\u017cnieni uczniowie z\u0142o\u017cyli przysi\u0119g\u0119 na sztandar szko\u0142y. Dyrektor szko\u0142y \u2013 pan Jacek Nowotniak w swoim wyst\u0105pieniu podkre\u015bli\u0142, \u017ce nie by\u0142oby wolnej Polski bez ludzi w mundurach. Mundur zobowi\u0105zuje do bycia uczciwym cz\u0142owiekiem, do szlachetnych zachowa\u0144, jest symbolem odwagi i umi\u0142owania ojczyzny.<br>W tym wa\u017cnym dla uczni\u00f3w klasy mundurowej, ich Rodzic\u00f3w i ca\u0142ej spo\u0142eczno\u015bci szkolnej wydarzeniu, uczestniczy\u0142o wielu dostojnych go\u015bci co podnios\u0142o jeszcze jego rang\u0119. Na uroczysto\u015bci obecni byli: Wicestarosta W\u0119growski \u2013 Pan Marek Renik, Cz\u0142onkowie Zarz\u0105du Powiatu W\u0119growskiego &#8211; Tadeusz Kot, Artur Lis, W\u0142odzimierz Miszczak, Burmistrz Miasta W\u0119growa &#8211; Pan Pawe\u0142 Marchela, Wiceburmistrz Miasta W\u0119growa \u2013 Pani Halina Uli\u0144ska, Proboszcz Bazyliki Mniejszej w W\u0119growie, Dziekan W\u0119growski &#8211; ks. Pra\u0142at Leszek Gardzi\u0144ski, Proboszcz Parafii \u015bw. Piotra z Alkantary i \u015bw. Antoniego z Padwy &#8211; ks. kan. dr Romuald Kosk, Proboszcz Parafii \u015aw. Ojca Pio &#8211; ks. Andrzej Falkowski, Proboszcz Parafii Ewangelicko &#8211; Augsburskiej w W\u0119growie &#8211; ks. Pawe\u0142 Szwedo, Komendant Powiatowy Policji w W\u0119growie &#8211; Insp. Andrzej Styrczula, Komendant Powiatowy PSP w W\u0119growie &#8211; St. bryg. Jaros\u0142aw Soszy\u0144ski, Szef Wydzia\u0142u Rekrutacji Wojskowej Komendy Uzupe\u0142nie\u0144 w Mi\u0144sku Mazowieckim \u2013 Mjr Artur Smal, Dow\u00f3dca 4 Kompanii Lekkiej Piechoty 5 Mazowieckiej Brygady Obrony Terytorialnej\u2013 Ppor. Pawe\u0142 Wo\u0142osz, przedstawiciele Stowarzyszenia \u201eNiez\u0142omni W\u0119gr\u00f3w\u201d &#8211; P\u0142k Krystyn Rozpara, Tomasz Star\u0119ga oraz w imieniu Komendanta-Rektora Wy\u017cszej Szko\u0142y Policji w Szczytnie &#8211; Insp. dr hab. Marka Fa\u0142dowskiego \u2013 Prorektor ds. Studenckich M\u0142. Insp. Dr. S\u0142awomir Zuba\u0144ski.<br>Wicestarosta Pan Marek Renik w wyst\u0105pieniu podkre\u015bli\u0142 donios\u0142o\u015b\u0107 wydarzenia i pogratulowa\u0142 uczniom wyboru klasy mundurowej. \u017byczy\u0142 odpowiedzialnej postawy, solidnego wype\u0142nienia swoich obowi\u0105zk\u00f3w w ramach edukacji wojskowej, policyjnej i po\u017carniczej a w przysz\u0142o\u015bci pracy w s\u0142u\u017cbach mundurowych.<br>Koncert pie\u015bni patriotycznych w wykonaniu szkolnego zespo\u0142u muzyczno \u2013 wokalnego zako\u0144czy\u0142 uroczysto\u015b\u0107.<br>Fot. J. Baum<\/p>\n\n\n\nngg_shortcode_0_placeholder\n","protected":false},"excerpt":{"rendered":"<p>&#8222;Ojczyzna \u2013 to my sami, to serca nasze w\u0142asne\u201d Dnia 4-go kwietnia 2019r. w Zespole Szk\u00f3\u0142 Ponadgimnazjalnych im. Jana Kochanowskiego w W\u0119growie odby\u0142o si\u0119 \u015blubowanie uczni\u00f3w pierwszej klasy mundurowej II Liceum Og\u00f3lnokszta\u0142c\u0105cego. Has\u0142o przewodnie towarzysz\u0105ce<\/p>\n","protected":false},"author":1,"featured_media":491,"comment_status":"closed","ping_status":"closed","sticky":false,"template":"","format":"standard","meta":{"ngg_post_thumbnail":0,"_themeisle_gutenberg_block_has_review":false,"jetpack_post_was_ever_published":false,"_jetpack_newsletter_access":"","_jetpack_dont_email_post_to_subs":false,"_jetpack_newsletter_tier_id":0,"_jetpack_memberships_contains_paywalled_content":false,"_jetpack_memberships_contains_paid_content":false,"footnotes":"","jetpack_publicize_message":"","jetpack_publicize_feature_enabled":true,"jetpack_social_post_already_shared":false,"jetpack_social_options":{"image_generator_settings":{"template":"highway","default_image_id":0,"font":"","enabled":false},"version":2}},"categories":[23],"tags":[],"class_list":["post-421","post","type-post","status-publish","format-standard","has-post-thumbnail","hentry","category-klasy-mundurowe"],"jetpack_publicize_connections":[],"jetpack_featured_media_url":"https:\/\/i0.wp.com\/zsp.wegrow.pl\/wp-content\/uploads\/2019\/04\/01.jpg?fit=960%2C640&ssl=1","jetpack_sharing_enabled":true,"jetpack_shortlink":"https:\/\/wp.me\/paT2nI-6N","_links":{"self":[{"href":"https:\/\/zsp.wegrow.pl\/index.php\/wp-json\/wp\/v2\/posts\/421","targetHints":{"allow":["GET"]}}],"collection":[{"href":"https:\/\/zsp.wegrow.pl\/index.php\/wp-json\/wp\/v2\/posts"}],"about":[{"href":"https:\/\/zsp.wegrow.pl\/index.php\/wp-json\/wp\/v2\/types\/post"}],"author":[{"embeddable":true,"href":"https:\/\/zsp.wegrow.pl\/index.php\/wp-json\/wp\/v2\/users\/1"}],"replies":[{"embeddable":true,"href":"https:\/\/zsp.wegrow.pl\/index.php\/wp-json\/wp\/v2\/comments?post=421"}],"version-history":[{"count":2,"href":"https:\/\/zsp.wegrow.pl\/index.php\/wp-json\/wp\/v2\/posts\/421\/revisions"}],"predecessor-version":[{"id":561,"href":"https:\/\/zsp.wegrow.pl\/index.php\/wp-json\/wp\/v2\/posts\/421\/revisions\/561"}],"wp:featuredmedia":[{"embeddable":true,"href":"https:\/\/zsp.wegrow.pl\/index.php\/wp-json\/wp\/v2\/media\/491"}],"wp:attachment":[{"href":"https:\/\/zsp.wegrow.pl\/index.php\/wp-json\/wp\/v2\/media?parent=421"}],"wp:term":[{"taxonomy":"category","embeddable":true,"href":"https:\/\/zsp.wegrow.pl\/index.php\/wp-json\/wp\/v2\/categories?post=421"},{"taxonomy":"post_tag","embeddable":true,"href":"https:\/\/zsp.wegrow.pl\/index.php\/wp-json\/wp\/v2\/tags?post=421"}],"curies":[{"name":"wp","href":"https:\/\/api.w.org\/{rel}","templated":true}]}}