{"id":4278,"date":"2020-03-08T13:16:49","date_gmt":"2020-03-08T12:16:49","guid":{"rendered":"http:\/\/zsp.wegrow.pl\/?p=4278"},"modified":"2020-03-08T13:16:49","modified_gmt":"2020-03-08T12:16:49","slug":"obchody-narodowego-dnia-pamieci-zolnierzy-wykletych","status":"publish","type":"post","link":"https:\/\/zsp.wegrow.pl\/index.php\/2020\/03\/08\/obchody-narodowego-dnia-pamieci-zolnierzy-wykletych\/","title":{"rendered":"Obchody Narodowego Dnia Pami\u0119ci \u017bo\u0142nierzy Wykl\u0119tych"},"content":{"rendered":"\n<p class=\"has-drop-cap has-text-align-justify\">W niedziel\u0119 (1.03) w W\u0119growie upami\u0119tniono \u017bo\u0142nierzy Wykl\u0119tych. Obchody Narodowego Dnia Pami\u0119ci \u017bo\u0142nierzy Wykl\u0119tych zorganizowane zosta\u0142y przez Starostwo Powiatowe w W\u0119growie, Jednostk\u0119 Strzeleck\u0105 \u201eNiez\u0142omni W\u0119gr\u00f3w\u201d, Stowarzyszenie Edukacyjne Ziemi W\u0119growskiej i Zesp\u00f3\u0142 Szk\u00f3\u0142 Ponadpodstawowych im. Jana Kochanowskiego w W\u0119growie.<br>W uroczysto\u015bciach rozpocz\u0119tych Msz\u0105 \u015aw. w Bazylice Mniejszej w W\u0119growie, kt\u00f3rej przewodniczy\u0142 ks. pra\u0142. Leszek Gardz\u0144ski, wzi\u0119li udzia\u0142 uczniowie klas mundurowych II LO w Zespole Szk\u00f3\u0142 Ponadpodstawowych im. Jana Kochanowskiego w W\u0119growie oraz Poczet Sztandarowy naszej szko\u0142y. Nast\u0119pnie uczestnicy obchod\u00f3w przeszli na ulic\u0119 Ko\u015bcieln\u0105, gdzie w latach 1944-1950 mie\u015bci\u0142 si\u0119 areszt Urz\u0119du Bezpiecze\u0144stwa. Po uroczystym wci\u0105gni\u0119ciu flagi na maszt zebrani od\u015bpiewali hymn narodowy i wys\u0142uchali apelu pami\u0119ci. Z\u0142o\u017cono kwiaty pod tablicami upami\u0119tniaj\u0105cymi ofiary terroru stalinowskiego: rotmistrza Witolda Pileckiego i majora Stanis\u0142awa Ostwind &#8211; Zuzga.<br>Cz\u0119\u015b\u0107 oficjaln\u0105 obchod\u00f3w zwie\u0144czy\u0142 przygotowany przez Jednostk\u0119 Strzeleck\u0105 \u201eNiez\u0142omni W\u0119gr\u00f3w\u201d pokaz dynamiczny \u201eOdbicia aresztanta z by\u0142ego wi\u0119zienia UB w W\u0119growie\u201d. Uczestnicy obchod\u00f3w mieli mo\u017cliwo\u015b\u0107 skosztowa\u0107 groch\u00f3wki przygotowanej przez pracownik\u00f3w szko\u0142y. Opiek\u0119 nad m\u0142odzie\u017c\u0105 sprawowa\u0142y p. M. Ceglarska-Kowal, p. M. Krasnod\u0119bska, p. K. Grenda. Dzi\u0119kujemy za zaanga\u017cowanie uczniom, nauczycielom i pracownikom szko\u0142y.<br>Fot. p. J. Baum<\/p>\n\n\n\nngg_shortcode_0_placeholder\n","protected":false},"excerpt":{"rendered":"<p>W niedziel\u0119 (1.03) w W\u0119growie upami\u0119tniono \u017bo\u0142nierzy Wykl\u0119tych. Obchody Narodowego Dnia Pami\u0119ci \u017bo\u0142nierzy Wykl\u0119tych zorganizowane zosta\u0142y przez Starostwo Powiatowe w W\u0119growie, Jednostk\u0119 Strzeleck\u0105 \u201eNiez\u0142omni W\u0119gr\u00f3w\u201d, Stowarzyszenie Edukacyjne Ziemi W\u0119growskiej i Zesp\u00f3\u0142 Szk\u00f3\u0142 Ponadpodstawowych im. Jana<\/p>\n","protected":false},"author":1,"featured_media":4279,"comment_status":"closed","ping_status":"closed","sticky":false,"template":"","format":"standard","meta":{"ngg_post_thumbnail":0,"_themeisle_gutenberg_block_has_review":false,"jetpack_post_was_ever_published":false,"_jetpack_newsletter_access":"","_jetpack_dont_email_post_to_subs":false,"_jetpack_newsletter_tier_id":0,"_jetpack_memberships_contains_paywalled_content":false,"_jetpack_memberships_contains_paid_content":false,"footnotes":"","jetpack_publicize_message":"","jetpack_publicize_feature_enabled":true,"jetpack_social_post_already_shared":true,"jetpack_social_options":{"image_generator_settings":{"template":"highway","default_image_id":0,"font":"","enabled":false},"version":2}},"categories":[23,38],"tags":[],"class_list":["post-4278","post","type-post","status-publish","format-standard","has-post-thumbnail","hentry","category-klasy-mundurowe","category-uroczystosci"],"jetpack_publicize_connections":[],"jetpack_featured_media_url":"https:\/\/i0.wp.com\/zsp.wegrow.pl\/wp-content\/uploads\/2020\/03\/01-1.jpg?fit=2048%2C1247&ssl=1","jetpack_sharing_enabled":true,"jetpack_shortlink":"https:\/\/wp.me\/paT2nI-170","_links":{"self":[{"href":"https:\/\/zsp.wegrow.pl\/index.php\/wp-json\/wp\/v2\/posts\/4278","targetHints":{"allow":["GET"]}}],"collection":[{"href":"https:\/\/zsp.wegrow.pl\/index.php\/wp-json\/wp\/v2\/posts"}],"about":[{"href":"https:\/\/zsp.wegrow.pl\/index.php\/wp-json\/wp\/v2\/types\/post"}],"author":[{"embeddable":true,"href":"https:\/\/zsp.wegrow.pl\/index.php\/wp-json\/wp\/v2\/users\/1"}],"replies":[{"embeddable":true,"href":"https:\/\/zsp.wegrow.pl\/index.php\/wp-json\/wp\/v2\/comments?post=4278"}],"version-history":[{"count":1,"href":"https:\/\/zsp.wegrow.pl\/index.php\/wp-json\/wp\/v2\/posts\/4278\/revisions"}],"predecessor-version":[{"id":4342,"href":"https:\/\/zsp.wegrow.pl\/index.php\/wp-json\/wp\/v2\/posts\/4278\/revisions\/4342"}],"wp:featuredmedia":[{"embeddable":true,"href":"https:\/\/zsp.wegrow.pl\/index.php\/wp-json\/wp\/v2\/media\/4279"}],"wp:attachment":[{"href":"https:\/\/zsp.wegrow.pl\/index.php\/wp-json\/wp\/v2\/media?parent=4278"}],"wp:term":[{"taxonomy":"category","embeddable":true,"href":"https:\/\/zsp.wegrow.pl\/index.php\/wp-json\/wp\/v2\/categories?post=4278"},{"taxonomy":"post_tag","embeddable":true,"href":"https:\/\/zsp.wegrow.pl\/index.php\/wp-json\/wp\/v2\/tags?post=4278"}],"curies":[{"name":"wp","href":"https:\/\/api.w.org\/{rel}","templated":true}]}}