{"id":4882,"date":"2020-08-03T15:04:18","date_gmt":"2020-08-03T13:04:18","guid":{"rendered":"http:\/\/zsp.wegrow.pl\/?p=4882"},"modified":"2020-08-06T00:08:05","modified_gmt":"2020-08-05T22:08:05","slug":"ml-meble-wspolpraca","status":"publish","type":"post","link":"https:\/\/zsp.wegrow.pl\/index.php\/2020\/08\/03\/ml-meble-wspolpraca\/","title":{"rendered":"&#8222;ML MEBLE&#8221; &#8211; wsp\u00f3\u0142praca"},"content":{"rendered":"\n<p class=\"has-drop-cap has-text-align-justify\">Kolejny raz, dzi\u0119ki wsp\u00f3\u0142pracy i zaanga\u017cowaniu przedsi\u0119biorstwa ML Meble oraz Zespo\u0142u Szk\u00f3\u0142 Ponadpodstawowych im. Jana Kochanowskiego w W\u0119growie \u2013 zawi\u0105zana zosta\u0142a bardzo owocna wsp\u00f3\u0142praca w okresie wakacyjnym. Firma ML MEBLE zaprosi\u0142a najlepszych spo\u015br\u00f3d uczni\u00f3w aplikuj\u0105cych na stanowiska strategicznie potrzebne dla jej funkcjonowania. Jest to uk\u0142on w stron\u0119 os\u00f3b, kt\u00f3re pragn\u0105 rozwoju w\u0142asnych talent\u00f3w, kompetencji i wzrostu warto\u015bci ich osoby na rynku pracy. G\u0142\u0119boko wierzymy, i\u017c do\u015bwiadczenie wyniesione ze \u015brodowiska jednego z lider\u00f3w bran\u017cy meblarskiej, po\u0142\u0105czone z wiedz\u0105, kt\u00f3r\u0105 wcze\u015bniej nabyli w szkolnych \u0142awkach \u2013 zaprocentuje w doros\u0142ym \u017cyciu. Marka ML MEBLE oraz dyrektor Zespo\u0142u Szk\u00f3\u0142 Ponadpodstawowych im. Jana Kochanowskiego w W\u0119growie &#8211; pragnie zaprosi\u0107 wszystkich, kt\u00f3rzy chc\u0105 zmierzy\u0107 si\u0119 z nowymi wyzwaniami, kt\u00f3re stawia przed nimi rozw\u00f3j osobisty i ch\u0119\u0107 doskonalenia w\u0142asnych umiej\u0119tno\u015bci \u2013 na przysz\u0142oroczn\u0105 rekrutacj\u0119 pracownik\u00f3w sezonowych oraz praktykant\u00f3w. Przedsi\u0119biorstwo zapewnia, i\u017c ka\u017cde spo\u015br\u00f3d zg\u0142osze\u0144, kt\u00f3re wp\u0142ynie do dzia\u0142u rekrutacji, zostanie potraktowane priorytetowo, a atmosfera i warunki wsp\u00f3\u0142pracy w jednej z najnowocze\u015bniejszych firm produkcyjnych w kraju \u2013 mile zaskocz\u0105 ka\u017cdego, kto b\u0119dzie ubiega\u0142 si\u0119 o miejsce pracy w przedsi\u0119biorstwie \u201eML MEBLE\u201d. Wszystkich zainteresowanych zapraszamy do sk\u0142adania swoich CV poprzez formularz na stronie internetowej: <\/p>\n\n\n\n<p style=\"font-size:22px\" class=\"has-text-align-center\"><a href=\"https:\/\/www.mlmeble.pl\/pl\/fabryka\/rekrutacja\/\" target=\"_blank\" rel=\"noreferrer noopener\">https:\/\/www.mlmeble.pl\/pl\/fabryka\/rekrutacja\/<\/a><\/p>\n\n\n\n<div class=\"wp-block-image\"><figure class=\"aligncenter size-full\"><a href=\"https:\/\/i0.wp.com\/zsp.wegrow.pl\/wp-content\/uploads\/2020\/08\/mlmeble.jpg\"><img data-recalc-dims=\"1\" fetchpriority=\"high\" decoding=\"async\" width=\"840\" height=\"611\" src=\"https:\/\/i0.wp.com\/zsp.wegrow.pl\/wp-content\/uploads\/2020\/08\/mlmeble.jpg?resize=840%2C611\" alt=\"\" class=\"wp-image-4890\" srcset=\"https:\/\/i0.wp.com\/zsp.wegrow.pl\/wp-content\/uploads\/2020\/08\/mlmeble.jpg?w=2000&amp;ssl=1 2000w, https:\/\/i0.wp.com\/zsp.wegrow.pl\/wp-content\/uploads\/2020\/08\/mlmeble.jpg?resize=300%2C218&amp;ssl=1 300w, https:\/\/i0.wp.com\/zsp.wegrow.pl\/wp-content\/uploads\/2020\/08\/mlmeble.jpg?resize=1024%2C744&amp;ssl=1 1024w, https:\/\/i0.wp.com\/zsp.wegrow.pl\/wp-content\/uploads\/2020\/08\/mlmeble.jpg?resize=150%2C109&amp;ssl=1 150w, https:\/\/i0.wp.com\/zsp.wegrow.pl\/wp-content\/uploads\/2020\/08\/mlmeble.jpg?resize=768%2C558&amp;ssl=1 768w, https:\/\/i0.wp.com\/zsp.wegrow.pl\/wp-content\/uploads\/2020\/08\/mlmeble.jpg?resize=1536%2C1117&amp;ssl=1 1536w, https:\/\/i0.wp.com\/zsp.wegrow.pl\/wp-content\/uploads\/2020\/08\/mlmeble.jpg?w=1680&amp;ssl=1 1680w\" sizes=\"(max-width: 840px) 100vw, 840px\" \/><\/a><\/figure><\/div>\n","protected":false},"excerpt":{"rendered":"<p>Kolejny raz, dzi\u0119ki wsp\u00f3\u0142pracy i zaanga\u017cowaniu przedsi\u0119biorstwa ML Meble oraz Zespo\u0142u Szk\u00f3\u0142 Ponadpodstawowych im. Jana Kochanowskiego w W\u0119growie \u2013 zawi\u0105zana zosta\u0142a bardzo owocna wsp\u00f3\u0142praca w okresie wakacyjnym. Firma ML MEBLE zaprosi\u0142a najlepszych spo\u015br\u00f3d uczni\u00f3w aplikuj\u0105cych<\/p>\n","protected":false},"author":1,"featured_media":1988,"comment_status":"closed","ping_status":"closed","sticky":false,"template":"","format":"standard","meta":{"ngg_post_thumbnail":0,"_themeisle_gutenberg_block_has_review":false,"jetpack_post_was_ever_published":false,"_jetpack_newsletter_access":"","_jetpack_dont_email_post_to_subs":false,"_jetpack_newsletter_tier_id":0,"_jetpack_memberships_contains_paywalled_content":false,"_jetpack_memberships_contains_paid_content":false,"footnotes":"","jetpack_publicize_message":"","jetpack_publicize_feature_enabled":true,"jetpack_social_post_already_shared":true,"jetpack_social_options":{"image_generator_settings":{"template":"highway","default_image_id":0,"font":"","enabled":false},"version":2}},"categories":[48],"tags":[],"class_list":["post-4882","post","type-post","status-publish","format-standard","has-post-thumbnail","hentry","category-wspolpraca"],"jetpack_publicize_connections":[],"jetpack_featured_media_url":"https:\/\/i0.wp.com\/zsp.wegrow.pl\/wp-content\/uploads\/2019\/06\/fabryka-mebli-mlmeble-logo.png?fit=220%2C220&ssl=1","jetpack_sharing_enabled":true,"jetpack_shortlink":"https:\/\/wp.me\/paT2nI-1gK","_links":{"self":[{"href":"https:\/\/zsp.wegrow.pl\/index.php\/wp-json\/wp\/v2\/posts\/4882","targetHints":{"allow":["GET"]}}],"collection":[{"href":"https:\/\/zsp.wegrow.pl\/index.php\/wp-json\/wp\/v2\/posts"}],"about":[{"href":"https:\/\/zsp.wegrow.pl\/index.php\/wp-json\/wp\/v2\/types\/post"}],"author":[{"embeddable":true,"href":"https:\/\/zsp.wegrow.pl\/index.php\/wp-json\/wp\/v2\/users\/1"}],"replies":[{"embeddable":true,"href":"https:\/\/zsp.wegrow.pl\/index.php\/wp-json\/wp\/v2\/comments?post=4882"}],"version-history":[{"count":5,"href":"https:\/\/zsp.wegrow.pl\/index.php\/wp-json\/wp\/v2\/posts\/4882\/revisions"}],"predecessor-version":[{"id":4898,"href":"https:\/\/zsp.wegrow.pl\/index.php\/wp-json\/wp\/v2\/posts\/4882\/revisions\/4898"}],"wp:featuredmedia":[{"embeddable":true,"href":"https:\/\/zsp.wegrow.pl\/index.php\/wp-json\/wp\/v2\/media\/1988"}],"wp:attachment":[{"href":"https:\/\/zsp.wegrow.pl\/index.php\/wp-json\/wp\/v2\/media?parent=4882"}],"wp:term":[{"taxonomy":"category","embeddable":true,"href":"https:\/\/zsp.wegrow.pl\/index.php\/wp-json\/wp\/v2\/categories?post=4882"},{"taxonomy":"post_tag","embeddable":true,"href":"https:\/\/zsp.wegrow.pl\/index.php\/wp-json\/wp\/v2\/tags?post=4882"}],"curies":[{"name":"wp","href":"https:\/\/api.w.org\/{rel}","templated":true}]}}