{"id":5344,"date":"2020-11-10T21:25:04","date_gmt":"2020-11-10T20:25:04","guid":{"rendered":"http:\/\/zsp.wegrow.pl\/?p=5344"},"modified":"2021-03-16T20:14:16","modified_gmt":"2021-03-16T19:14:16","slug":"swieto-niepodleglosci","status":"publish","type":"post","link":"https:\/\/zsp.wegrow.pl\/index.php\/2020\/11\/10\/swieto-niepodleglosci\/","title":{"rendered":"\u015awi\u0119to Niepodleg\u0142o\u015bci"},"content":{"rendered":"\n<p class=\"has-drop-cap has-text-align-justify\">Obchodzone 11 listopada Narodowe \u015awi\u0119to Niepodleg\u0142o\u015bci jest polskim \u015bwi\u0119tem pa\u0144stwowym upami\u0119tniaj\u0105cym odzyskanie przez Polsk\u0119 niepodleg\u0142o\u015bci w 1918 roku. Uwolnienie kraju z jarzma zaborc\u00f3w nast\u0105pi\u0142o po 123 latach trwania zniewolenia.<br>Antoni Franaszek, pisa\u0142:<br>,, (\u2026) Ka\u017cde minione pokolenie Polak\u00f3w wierzy\u0142o niez\u0142omnie, \u017ce upragniona wolno\u015b\u0107 kiedy\u015b nadejdzie. Ta wiara przekazywana by\u0142a z ojca na syna. Ona nakazywa\u0142a im pracowa\u0107 i \u017cy\u0107 dla Ojczyzny, a je\u015bli zajdzie potrzeba, odda\u0107 dla niej \u017cycie. I tak by\u0142o. Umierali na polach bitew, w wi\u0119zieniach i na zes\u0142aniu. Dlatego uroczy\u015bcie obchodz\u0105c dzie\u0144 11 listopada jako \u015bwi\u0119to narodowe, nie wolno nam o nich zapomnie\u0107, a pami\u0119\u0107 o ich po\u015bwi\u0119ceniu winni\u015bmy przekazywa\u0107 naszym dzieciom i naszym wnukom. Tylko w ten spos\u00f3b sp\u0142acimy d\u0142ug wdzi\u0119czno\u015bci wobec naszych przodk\u00f3w, kt\u00f3rzy cierpieli i przelewali krew, aby Polska by\u0142a wolna (\u2026)&#8221;<\/p>\n\n\n\n<p class=\"has-text-align-justify\">Pami\u0119tamy\u2026<\/p>\n\n\n\n<div class=\"wp-block-image\"><figure class=\"aligncenter size-full\"><a href=\"https:\/\/i0.wp.com\/zsp.wegrow.pl\/wp-content\/uploads\/2020\/11\/11-listopada.jpg\"><img data-recalc-dims=\"1\" fetchpriority=\"high\" decoding=\"async\" width=\"840\" height=\"838\" src=\"https:\/\/i0.wp.com\/zsp.wegrow.pl\/wp-content\/uploads\/2020\/11\/11-listopada.jpg?resize=840%2C838\" alt=\"\" class=\"wp-image-5345\" srcset=\"https:\/\/i0.wp.com\/zsp.wegrow.pl\/wp-content\/uploads\/2020\/11\/11-listopada.jpg?w=1000&amp;ssl=1 1000w, https:\/\/i0.wp.com\/zsp.wegrow.pl\/wp-content\/uploads\/2020\/11\/11-listopada.jpg?resize=300%2C300&amp;ssl=1 300w, https:\/\/i0.wp.com\/zsp.wegrow.pl\/wp-content\/uploads\/2020\/11\/11-listopada.jpg?resize=150%2C150&amp;ssl=1 150w, https:\/\/i0.wp.com\/zsp.wegrow.pl\/wp-content\/uploads\/2020\/11\/11-listopada.jpg?resize=768%2C766&amp;ssl=1 768w\" sizes=\"(max-width: 840px) 100vw, 840px\" \/><\/a><\/figure><\/div>\n","protected":false},"excerpt":{"rendered":"<p>Obchodzone 11 listopada Narodowe \u015awi\u0119to Niepodleg\u0142o\u015bci jest polskim \u015bwi\u0119tem pa\u0144stwowym upami\u0119tniaj\u0105cym odzyskanie przez Polsk\u0119 niepodleg\u0142o\u015bci w 1918 roku. Uwolnienie kraju z jarzma zaborc\u00f3w nast\u0105pi\u0142o po 123 latach trwania zniewolenia.Antoni Franaszek, pisa\u0142:,, (\u2026) Ka\u017cde minione pokolenie<\/p>\n","protected":false},"author":1,"featured_media":5347,"comment_status":"closed","ping_status":"closed","sticky":false,"template":"","format":"standard","meta":{"ngg_post_thumbnail":0,"_themeisle_gutenberg_block_has_review":false,"jetpack_post_was_ever_published":false,"_jetpack_newsletter_access":"","_jetpack_dont_email_post_to_subs":false,"_jetpack_newsletter_tier_id":0,"_jetpack_memberships_contains_paywalled_content":false,"_jetpack_memberships_contains_paid_content":false,"footnotes":"","jetpack_publicize_message":"","jetpack_publicize_feature_enabled":true,"jetpack_social_post_already_shared":true,"jetpack_social_options":{"image_generator_settings":{"template":"highway","default_image_id":0,"font":"","enabled":false},"version":2}},"categories":[53],"tags":[],"class_list":["post-5344","post","type-post","status-publish","format-standard","has-post-thumbnail","hentry","category-rocznice"],"jetpack_publicize_connections":[],"jetpack_featured_media_url":"https:\/\/i0.wp.com\/zsp.wegrow.pl\/wp-content\/uploads\/2020\/11\/11listopada.jpg?fit=601%2C266&ssl=1","jetpack_sharing_enabled":true,"jetpack_shortlink":"https:\/\/wp.me\/paT2nI-1oc","_links":{"self":[{"href":"https:\/\/zsp.wegrow.pl\/index.php\/wp-json\/wp\/v2\/posts\/5344","targetHints":{"allow":["GET"]}}],"collection":[{"href":"https:\/\/zsp.wegrow.pl\/index.php\/wp-json\/wp\/v2\/posts"}],"about":[{"href":"https:\/\/zsp.wegrow.pl\/index.php\/wp-json\/wp\/v2\/types\/post"}],"author":[{"embeddable":true,"href":"https:\/\/zsp.wegrow.pl\/index.php\/wp-json\/wp\/v2\/users\/1"}],"replies":[{"embeddable":true,"href":"https:\/\/zsp.wegrow.pl\/index.php\/wp-json\/wp\/v2\/comments?post=5344"}],"version-history":[{"count":1,"href":"https:\/\/zsp.wegrow.pl\/index.php\/wp-json\/wp\/v2\/posts\/5344\/revisions"}],"predecessor-version":[{"id":5346,"href":"https:\/\/zsp.wegrow.pl\/index.php\/wp-json\/wp\/v2\/posts\/5344\/revisions\/5346"}],"wp:featuredmedia":[{"embeddable":true,"href":"https:\/\/zsp.wegrow.pl\/index.php\/wp-json\/wp\/v2\/media\/5347"}],"wp:attachment":[{"href":"https:\/\/zsp.wegrow.pl\/index.php\/wp-json\/wp\/v2\/media?parent=5344"}],"wp:term":[{"taxonomy":"category","embeddable":true,"href":"https:\/\/zsp.wegrow.pl\/index.php\/wp-json\/wp\/v2\/categories?post=5344"},{"taxonomy":"post_tag","embeddable":true,"href":"https:\/\/zsp.wegrow.pl\/index.php\/wp-json\/wp\/v2\/tags?post=5344"}],"curies":[{"name":"wp","href":"https:\/\/api.w.org\/{rel}","templated":true}]}}