{"id":5649,"date":"2021-02-08T23:00:00","date_gmt":"2021-02-08T22:00:00","guid":{"rendered":"http:\/\/zsp.wegrow.pl\/?p=5649"},"modified":"2021-03-16T20:09:21","modified_gmt":"2021-03-16T19:09:21","slug":"158-rocznica-bitwy-pod-wegrowem","status":"publish","type":"post","link":"https:\/\/zsp.wegrow.pl\/index.php\/2021\/02\/08\/158-rocznica-bitwy-pod-wegrowem\/","title":{"rendered":"158 ROCZNICA BITWY POD W\u0118GROWEM"},"content":{"rendered":"\n<p class=\"has-drop-cap has-text-align-justify\">Tradycj\u0105 naszej szko\u0142y jest zaanga\u017cowanie uczni\u00f3w i nauczycieli w wa\u017cne uroczysto\u015bci patriotyczne&nbsp; \u015brodowiska lokalnego. 7 lutego 2021r. w Bazylice Mniejszej w W\u0119growie odby\u0142a si\u0119 Msza \u015aw. z okazji 158 rocznicy Bitwy pod W\u0119growem.<br>Ze wzgl\u0119du na obostrzenia zwi\u0105zane z pandemi\u0105 grupa rekonstrukcyjna Kosynier\u00f3w nie mog\u0142a uczestniczy\u0107 w obchodach wzorem lat ubieg\u0142ych.<br>Pomimo to, podkre\u015blaj\u0105c rang\u0119 uroczysto\u015bci wystawili\u015bmy poczet sztandarowy powsta\u0144czy (replika sztandaru) w tych szczeg\u00f3lnych obchodach rocznicowych.<br>Podzi\u0119kowania nale\u017c\u0105 si\u0119 uczniom z pocztu sztandarowego za zaanga\u017cowanie: G\u0105tarz Mi\u0142osz 3TE, Janczuk Dawid 3TE, Gerej Mateusz 3TE oraz opiekunowi p. Katarzynie Grenda.<\/p>\n\n\n\n<div class=\"wp-block-image\"><figure class=\"aligncenter size-full\"><a href=\"https:\/\/i0.wp.com\/zsp.wegrow.pl\/wp-content\/uploads\/2021\/02\/P1016118_m.jpg\"><img data-recalc-dims=\"1\" fetchpriority=\"high\" decoding=\"async\" width=\"840\" height=\"630\" src=\"https:\/\/i0.wp.com\/zsp.wegrow.pl\/wp-content\/uploads\/2021\/02\/P1016118_m.jpg?resize=840%2C630\" alt=\"\" class=\"wp-image-5651\" srcset=\"https:\/\/i0.wp.com\/zsp.wegrow.pl\/wp-content\/uploads\/2021\/02\/P1016118_m.jpg?w=1000&amp;ssl=1 1000w, https:\/\/i0.wp.com\/zsp.wegrow.pl\/wp-content\/uploads\/2021\/02\/P1016118_m.jpg?resize=300%2C225&amp;ssl=1 300w, https:\/\/i0.wp.com\/zsp.wegrow.pl\/wp-content\/uploads\/2021\/02\/P1016118_m.jpg?resize=150%2C113&amp;ssl=1 150w, https:\/\/i0.wp.com\/zsp.wegrow.pl\/wp-content\/uploads\/2021\/02\/P1016118_m.jpg?resize=768%2C576&amp;ssl=1 768w, https:\/\/i0.wp.com\/zsp.wegrow.pl\/wp-content\/uploads\/2021\/02\/P1016118_m.jpg?resize=840%2C630&amp;ssl=1 840w, https:\/\/i0.wp.com\/zsp.wegrow.pl\/wp-content\/uploads\/2021\/02\/P1016118_m.jpg?resize=440%2C330&amp;ssl=1 440w, https:\/\/i0.wp.com\/zsp.wegrow.pl\/wp-content\/uploads\/2021\/02\/P1016118_m.jpg?resize=24%2C18&amp;ssl=1 24w, https:\/\/i0.wp.com\/zsp.wegrow.pl\/wp-content\/uploads\/2021\/02\/P1016118_m.jpg?resize=36%2C27&amp;ssl=1 36w, https:\/\/i0.wp.com\/zsp.wegrow.pl\/wp-content\/uploads\/2021\/02\/P1016118_m.jpg?resize=48%2C36&amp;ssl=1 48w\" sizes=\"(max-width: 840px) 100vw, 840px\" \/><\/a><\/figure><\/div>\n","protected":false},"excerpt":{"rendered":"<p>Tradycj\u0105 naszej szko\u0142y jest zaanga\u017cowanie uczni\u00f3w i nauczycieli w wa\u017cne uroczysto\u015bci patriotyczne&nbsp; \u015brodowiska lokalnego. 7 lutego 2021r. w Bazylice Mniejszej w W\u0119growie odby\u0142a si\u0119 Msza \u015aw. z okazji 158 rocznicy Bitwy pod W\u0119growem.Ze wzgl\u0119du na<\/p>\n","protected":false},"author":1,"featured_media":5652,"comment_status":"closed","ping_status":"closed","sticky":false,"template":"","format":"standard","meta":{"ngg_post_thumbnail":0,"_themeisle_gutenberg_block_has_review":false,"jetpack_post_was_ever_published":false,"_jetpack_newsletter_access":"","_jetpack_dont_email_post_to_subs":false,"_jetpack_newsletter_tier_id":0,"_jetpack_memberships_contains_paywalled_content":false,"_jetpack_memberships_contains_paid_content":false,"footnotes":"","jetpack_publicize_message":"","jetpack_publicize_feature_enabled":true,"jetpack_social_post_already_shared":true,"jetpack_social_options":{"image_generator_settings":{"template":"highway","default_image_id":0,"font":"","enabled":false},"version":2}},"categories":[38],"tags":[],"class_list":["post-5649","post","type-post","status-publish","format-standard","has-post-thumbnail","hentry","category-uroczystosci"],"jetpack_publicize_connections":[],"jetpack_featured_media_url":"https:\/\/i0.wp.com\/zsp.wegrow.pl\/wp-content\/uploads\/2021\/02\/86300.jpg?fit=807%2C400&ssl=1","jetpack_sharing_enabled":true,"jetpack_shortlink":"https:\/\/wp.me\/paT2nI-1t7","_links":{"self":[{"href":"https:\/\/zsp.wegrow.pl\/index.php\/wp-json\/wp\/v2\/posts\/5649","targetHints":{"allow":["GET"]}}],"collection":[{"href":"https:\/\/zsp.wegrow.pl\/index.php\/wp-json\/wp\/v2\/posts"}],"about":[{"href":"https:\/\/zsp.wegrow.pl\/index.php\/wp-json\/wp\/v2\/types\/post"}],"author":[{"embeddable":true,"href":"https:\/\/zsp.wegrow.pl\/index.php\/wp-json\/wp\/v2\/users\/1"}],"replies":[{"embeddable":true,"href":"https:\/\/zsp.wegrow.pl\/index.php\/wp-json\/wp\/v2\/comments?post=5649"}],"version-history":[{"count":2,"href":"https:\/\/zsp.wegrow.pl\/index.php\/wp-json\/wp\/v2\/posts\/5649\/revisions"}],"predecessor-version":[{"id":5727,"href":"https:\/\/zsp.wegrow.pl\/index.php\/wp-json\/wp\/v2\/posts\/5649\/revisions\/5727"}],"wp:featuredmedia":[{"embeddable":true,"href":"https:\/\/zsp.wegrow.pl\/index.php\/wp-json\/wp\/v2\/media\/5652"}],"wp:attachment":[{"href":"https:\/\/zsp.wegrow.pl\/index.php\/wp-json\/wp\/v2\/media?parent=5649"}],"wp:term":[{"taxonomy":"category","embeddable":true,"href":"https:\/\/zsp.wegrow.pl\/index.php\/wp-json\/wp\/v2\/categories?post=5649"},{"taxonomy":"post_tag","embeddable":true,"href":"https:\/\/zsp.wegrow.pl\/index.php\/wp-json\/wp\/v2\/tags?post=5649"}],"curies":[{"name":"wp","href":"https:\/\/api.w.org\/{rel}","templated":true}]}}