{"id":5669,"date":"2021-03-01T17:18:42","date_gmt":"2021-03-01T16:18:42","guid":{"rendered":"http:\/\/zsp.wegrow.pl\/?p=5669"},"modified":"2021-03-16T20:06:18","modified_gmt":"2021-03-16T19:06:18","slug":"1-marca-pamietamy-sny-wstana-grypsy-lukasza-cieplinskiego-z-celi-smierci-w-kazdym-liceum-ogolnoksztalcacym","status":"publish","type":"post","link":"https:\/\/zsp.wegrow.pl\/index.php\/2021\/03\/01\/1-marca-pamietamy-sny-wstana-grypsy-lukasza-cieplinskiego-z-celi-smierci-w-kazdym-liceum-ogolnoksztalcacym\/","title":{"rendered":"1 marca \u2013 pami\u0119tamy. \u201eSny wstan\u0105\u2026 Grypsy \u0141ukasza Ciepli\u0144skiego z celi \u015bmierci\u201d w ka\u017cdym liceum og\u00f3lnokszta\u0142c\u0105cym!"},"content":{"rendered":"\n<p><a href=\"https:\/\/www.gov.pl\/web\/edukacja-i-nauka\/1-marca--pamietamy-sny-wstana-grypsy-lukasza-cieplinskiego-z-celi-smierci-w-kazdym-liceum-ogolnoksztalcacym?fbclid=IwAR0gXpz5oer2Si0Izy8fSDIoq2nqBYk3kMH6Ms7rzYv6srqinZJ6OcOFG7E\" target=\"_blank\" rel=\"noreferrer noopener\">1 marca \u2013 pami\u0119tamy. \u201eSny wstan\u0105\u2026 Grypsy \u0141ukasza Ciepli\u0144skiego z celi \u015bmierci\u201d w ka\u017cdym liceum og\u00f3lnokszta\u0142c\u0105cym! &#8211; Ministerstwo Edukacji i Nauki &#8211; Portal Gov.pl (www.gov.pl)<\/a><\/p>\n","protected":false},"excerpt":{"rendered":"<p>1 marca \u2013 pami\u0119tamy. \u201eSny wstan\u0105\u2026 Grypsy \u0141ukasza Ciepli\u0144skiego z celi \u015bmierci\u201d w ka\u017cdym liceum og\u00f3lnokszta\u0142c\u0105cym! &#8211; Ministerstwo Edukacji i Nauki &#8211; Portal Gov.pl (www.gov.pl)<\/p>\n","protected":false},"author":1,"featured_media":5672,"comment_status":"closed","ping_status":"closed","sticky":false,"template":"","format":"standard","meta":{"ngg_post_thumbnail":0,"_themeisle_gutenberg_block_has_review":false,"jetpack_post_was_ever_published":false,"_jetpack_newsletter_access":"","_jetpack_dont_email_post_to_subs":false,"_jetpack_newsletter_tier_id":0,"_jetpack_memberships_contains_paywalled_content":false,"_jetpack_memberships_contains_paid_content":false,"footnotes":"","jetpack_publicize_message":"","jetpack_publicize_feature_enabled":true,"jetpack_social_post_already_shared":true,"jetpack_social_options":{"image_generator_settings":{"template":"highway","default_image_id":0,"font":"","enabled":false},"version":2}},"categories":[53],"tags":[],"class_list":["post-5669","post","type-post","status-publish","format-standard","has-post-thumbnail","hentry","category-rocznice"],"jetpack_publicize_connections":[],"jetpack_featured_media_url":"https:\/\/i0.wp.com\/zsp.wegrow.pl\/wp-content\/uploads\/2021\/03\/1-marca_850.jpg?fit=850%2C359&ssl=1","jetpack_sharing_enabled":true,"jetpack_shortlink":"https:\/\/wp.me\/paT2nI-1tr","_links":{"self":[{"href":"https:\/\/zsp.wegrow.pl\/index.php\/wp-json\/wp\/v2\/posts\/5669","targetHints":{"allow":["GET"]}}],"collection":[{"href":"https:\/\/zsp.wegrow.pl\/index.php\/wp-json\/wp\/v2\/posts"}],"about":[{"href":"https:\/\/zsp.wegrow.pl\/index.php\/wp-json\/wp\/v2\/types\/post"}],"author":[{"embeddable":true,"href":"https:\/\/zsp.wegrow.pl\/index.php\/wp-json\/wp\/v2\/users\/1"}],"replies":[{"embeddable":true,"href":"https:\/\/zsp.wegrow.pl\/index.php\/wp-json\/wp\/v2\/comments?post=5669"}],"version-history":[{"count":2,"href":"https:\/\/zsp.wegrow.pl\/index.php\/wp-json\/wp\/v2\/posts\/5669\/revisions"}],"predecessor-version":[{"id":5673,"href":"https:\/\/zsp.wegrow.pl\/index.php\/wp-json\/wp\/v2\/posts\/5669\/revisions\/5673"}],"wp:featuredmedia":[{"embeddable":true,"href":"https:\/\/zsp.wegrow.pl\/index.php\/wp-json\/wp\/v2\/media\/5672"}],"wp:attachment":[{"href":"https:\/\/zsp.wegrow.pl\/index.php\/wp-json\/wp\/v2\/media?parent=5669"}],"wp:term":[{"taxonomy":"category","embeddable":true,"href":"https:\/\/zsp.wegrow.pl\/index.php\/wp-json\/wp\/v2\/categories?post=5669"},{"taxonomy":"post_tag","embeddable":true,"href":"https:\/\/zsp.wegrow.pl\/index.php\/wp-json\/wp\/v2\/tags?post=5669"}],"curies":[{"name":"wp","href":"https:\/\/api.w.org\/{rel}","templated":true}]}}