{"id":5869,"date":"2021-04-11T21:46:38","date_gmt":"2021-04-11T19:46:38","guid":{"rendered":"http:\/\/zsp.wegrow.pl\/?p=5869"},"modified":"2021-09-24T10:19:25","modified_gmt":"2021-09-24T08:19:25","slug":"81-rocznica-zbrodni-katynskiej-i-11-rocznica-katastrofy-smolenskiej","status":"publish","type":"post","link":"https:\/\/zsp.wegrow.pl\/index.php\/2021\/04\/11\/81-rocznica-zbrodni-katynskiej-i-11-rocznica-katastrofy-smolenskiej\/","title":{"rendered":"81. rocznica Zbrodni Katy\u0144skiej i 11. rocznica Katastrofy Smole\u0144skiej"},"content":{"rendered":"\n<h3 class=\"wp-block-heading\">Pami\u0119tamy\u2026<br>81. rocznica Zbrodni Katy\u0144skiej<br>11. rocznica Katastrofy Smole\u0144skiej<\/h3>\n\n\n\n<p class=\"has-drop-cap has-text-align-justify\">W tym roku obchodzimy 81. rocznic\u0119 Zbrodni Katy\u0144skiej. Na prze\u0142omie kwietnia i maja 1940 r., decyzj\u0105 w\u0142adz ZSRR, rozstrzelano ponad 21 tys. Polak\u00f3w. Zamordowani zostali m.in. \u017co\u0142nierze Wojska Polskiego, Korpusu Ochrony Pogranicza, funkcjonariusze Policji Pa\u0144stwowej i urz\u0119dnicy. Dzie\u0144 Pami\u0119ci Ofiar Zbrodni Katy\u0144skiej jest \u015bwi\u0119tem obchodzonym co roku 13 kwietnia. Tego dnia w 1943 r. nazistowskie Niemcy opublikowa\u0142y informacj\u0119 o odkryciu masowych grob\u00f3w oficer\u00f3w Wojska Polskiego. Sejm Rzeczpospolitej Polskiej uchwali\u0142 \u015bwi\u0119to poprzez aklamacj\u0119 14 listopada 2007 r. Jego przes\u0142aniem jest oddanie czci ofiarom Zbrodni Katy\u0144skiej. Zbrodnia Katy\u0144ska jest uznawana za ludob\u00f3jstwo, zbrodni\u0119 wojenn\u0105 i zbrodni\u0119 przeciwko ludzko\u015bci. Egzekucje by\u0142y prowadzone w \u015bcis\u0142ej tajemnicy \u2013 ofiary pochowano w masowych grobach m.in. w Katyniu i Miednoje. Dopiero w 1990 r. Zwi\u0105zek Radziecki oficjalnie potwierdzi\u0142 prawdziwo\u015b\u0107 oskar\u017ce\u0144 o pope\u0142nienie zbrodni. W Polsce znajduje si\u0119 wiele pomnik\u00f3w i tablic po\u015bwi\u0119conych ofiarom radzieckiej zbrodni. Polacy nie zapomnieli o funkcjonariuszach i oficerach, kt\u00f3rzy zostali bestialsko zamordowani. 10 kwietnia 2010 roku zaplanowano wyj\u0105tkowe obchody rocznicy upami\u0119tnienia zbrodni katy\u0144skiej. 70 lat \u2013 od jednej z najokrutniejszych zbrodni wymierzonych w polski nar\u00f3d. Delegacja zmierzaj\u0105ca na uroczysto\u015bci katy\u0144skie reprezentowana by\u0142a przez polskie w\u0142adze, Prezydenta RP &#8211; prof. Lecha Kaczy\u0144skiego, przedstawicieli r\u00f3\u017cnych ugrupowa\u0144 politycznych, r\u00f3\u017cnych instytucji spo\u0142ecznych i ko\u015bcielnych. W jej sk\u0142ad wchodzili wicemarsza\u0142kowie Sejmu i Senatu, grupa parlamentarzyst\u00f3w, dow\u00f3dcy wszystkich rodzaj\u00f3w Si\u0142 Zbrojnych RP, pracownicy Kancelarii Prezydenta, szefowie instytucji pa\u0144stwowych, duchowni, przedstawiciele ministerstw, organizacji kombatanckich i spo\u0142ecznych. Wszyscy oni zgin\u0119li w katastrofie lotniczej, do kt\u00f3rej dosz\u0142o podczas l\u0105dowania na lotnisku pod Smole\u0144skiem. W tym roku mija 11 lat od tego tragicznego wydarzenia.<\/p>\n\n\n\n<div class=\"wp-block-image\"><figure class=\"aligncenter size-full\"><a href=\"https:\/\/i0.wp.com\/zsp.wegrow.pl\/wp-content\/uploads\/2021\/04\/katastrofa-smolenska.png\"><img data-recalc-dims=\"1\" fetchpriority=\"high\" decoding=\"async\" width=\"840\" height=\"354\" src=\"https:\/\/i0.wp.com\/zsp.wegrow.pl\/wp-content\/uploads\/2021\/04\/katastrofa-smolenska.png?resize=840%2C354\" alt=\"\" class=\"wp-image-5872\" srcset=\"https:\/\/i0.wp.com\/zsp.wegrow.pl\/wp-content\/uploads\/2021\/04\/katastrofa-smolenska.png?w=1460&amp;ssl=1 1460w, https:\/\/i0.wp.com\/zsp.wegrow.pl\/wp-content\/uploads\/2021\/04\/katastrofa-smolenska.png?resize=300%2C127&amp;ssl=1 300w, https:\/\/i0.wp.com\/zsp.wegrow.pl\/wp-content\/uploads\/2021\/04\/katastrofa-smolenska.png?resize=1024%2C432&amp;ssl=1 1024w, https:\/\/i0.wp.com\/zsp.wegrow.pl\/wp-content\/uploads\/2021\/04\/katastrofa-smolenska.png?resize=150%2C63&amp;ssl=1 150w, https:\/\/i0.wp.com\/zsp.wegrow.pl\/wp-content\/uploads\/2021\/04\/katastrofa-smolenska.png?resize=768%2C324&amp;ssl=1 768w, https:\/\/i0.wp.com\/zsp.wegrow.pl\/wp-content\/uploads\/2021\/04\/katastrofa-smolenska.png?resize=24%2C10&amp;ssl=1 24w, https:\/\/i0.wp.com\/zsp.wegrow.pl\/wp-content\/uploads\/2021\/04\/katastrofa-smolenska.png?resize=36%2C15&amp;ssl=1 36w, https:\/\/i0.wp.com\/zsp.wegrow.pl\/wp-content\/uploads\/2021\/04\/katastrofa-smolenska.png?resize=48%2C20&amp;ssl=1 48w\" sizes=\"(max-width: 840px) 100vw, 840px\" \/><\/a><\/figure><\/div>\n","protected":false},"excerpt":{"rendered":"<p>Pami\u0119tamy\u202681. rocznica Zbrodni Katy\u0144skiej11. rocznica Katastrofy Smole\u0144skiej W tym roku obchodzimy 81. rocznic\u0119 Zbrodni Katy\u0144skiej. Na prze\u0142omie kwietnia i maja 1940 r., decyzj\u0105 w\u0142adz ZSRR, rozstrzelano ponad 21 tys. Polak\u00f3w. Zamordowani zostali m.in. \u017co\u0142nierze Wojska<\/p>\n","protected":false},"author":1,"featured_media":5870,"comment_status":"closed","ping_status":"closed","sticky":false,"template":"","format":"standard","meta":{"ngg_post_thumbnail":0,"_themeisle_gutenberg_block_has_review":false,"jetpack_post_was_ever_published":false,"_jetpack_newsletter_access":"","_jetpack_dont_email_post_to_subs":false,"_jetpack_newsletter_tier_id":0,"_jetpack_memberships_contains_paywalled_content":false,"_jetpack_memberships_contains_paid_content":false,"footnotes":"","jetpack_publicize_message":"","jetpack_publicize_feature_enabled":true,"jetpack_social_post_already_shared":true,"jetpack_social_options":{"image_generator_settings":{"template":"highway","default_image_id":0,"font":"","enabled":false},"version":2}},"categories":[53],"tags":[],"class_list":["post-5869","post","type-post","status-publish","format-standard","has-post-thumbnail","hentry","category-rocznice"],"jetpack_publicize_connections":[],"jetpack_featured_media_url":"https:\/\/i0.wp.com\/zsp.wegrow.pl\/wp-content\/uploads\/2021\/04\/katyn.jpg?fit=1920%2C810&ssl=1","jetpack_sharing_enabled":true,"jetpack_shortlink":"https:\/\/wp.me\/paT2nI-1wF","_links":{"self":[{"href":"https:\/\/zsp.wegrow.pl\/index.php\/wp-json\/wp\/v2\/posts\/5869","targetHints":{"allow":["GET"]}}],"collection":[{"href":"https:\/\/zsp.wegrow.pl\/index.php\/wp-json\/wp\/v2\/posts"}],"about":[{"href":"https:\/\/zsp.wegrow.pl\/index.php\/wp-json\/wp\/v2\/types\/post"}],"author":[{"embeddable":true,"href":"https:\/\/zsp.wegrow.pl\/index.php\/wp-json\/wp\/v2\/users\/1"}],"replies":[{"embeddable":true,"href":"https:\/\/zsp.wegrow.pl\/index.php\/wp-json\/wp\/v2\/comments?post=5869"}],"version-history":[{"count":2,"href":"https:\/\/zsp.wegrow.pl\/index.php\/wp-json\/wp\/v2\/posts\/5869\/revisions"}],"predecessor-version":[{"id":5874,"href":"https:\/\/zsp.wegrow.pl\/index.php\/wp-json\/wp\/v2\/posts\/5869\/revisions\/5874"}],"wp:featuredmedia":[{"embeddable":true,"href":"https:\/\/zsp.wegrow.pl\/index.php\/wp-json\/wp\/v2\/media\/5870"}],"wp:attachment":[{"href":"https:\/\/zsp.wegrow.pl\/index.php\/wp-json\/wp\/v2\/media?parent=5869"}],"wp:term":[{"taxonomy":"category","embeddable":true,"href":"https:\/\/zsp.wegrow.pl\/index.php\/wp-json\/wp\/v2\/categories?post=5869"},{"taxonomy":"post_tag","embeddable":true,"href":"https:\/\/zsp.wegrow.pl\/index.php\/wp-json\/wp\/v2\/tags?post=5869"}],"curies":[{"name":"wp","href":"https:\/\/api.w.org\/{rel}","templated":true}]}}