{"id":5936,"date":"2021-04-30T22:10:00","date_gmt":"2021-04-30T20:10:00","guid":{"rendered":"http:\/\/zsp.wegrow.pl\/?p=5936"},"modified":"2021-09-24T09:35:35","modified_gmt":"2021-09-24T07:35:35","slug":"230-rocznica-uchwalenia-konstytucji-3-maja","status":"publish","type":"post","link":"https:\/\/zsp.wegrow.pl\/index.php\/2021\/04\/30\/230-rocznica-uchwalenia-konstytucji-3-maja\/","title":{"rendered":"230. rocznica uchwalenia Konstytucji 3 Maja"},"content":{"rendered":"\n<p class=\"has-drop-cap has-text-align-justify\">W bie\u017c\u0105cym roku szkolnym mija 230. rocznica uchwalenia Konstytucji 3 maja. Jest to szczeg\u00f3lna rocznica, kt\u00f3ra zosta\u0142a uchwalona przez Sejm RP ROKIEM KONSTYTUCJI. \u015awi\u0119tujemy pami\u0119\u0107 powstania dokumentu, kt\u00f3ry jest jednym z symboli naszej niepodleg\u0142o\u015bci. Niew\u0105tpliwie jest to jedno z wa\u017cniejszych wydarze\u0144 w historii Narodu Polskiego.<br>Pierwsza w Europie i druga na \u015bwiecie \u2013 Konstytucja 3 Maja z 1791 roku by\u0142a pr\u00f3b\u0105 unowocze\u015bnienia ustroju Polski i ratowania jej suwerenno\u015bci.<br>3 maja 1791 roku Sejm Wielki, zwo\u0142any w pa\u017adzierniku 1788 roku, uchwali\u0142 Konstytucj\u0119 Rzeczypospolitej Obojga Narod\u00f3w. By\u0142a pierwsz\u0105 konstytucj\u0105 w nowo\u017cytnej Europie i drug\u0105 -po ameryka\u0144skiej- na \u015bwiecie. Konstytucja 3 Maja przekszta\u0142ca\u0142a pa\u0144stwo w monarchi\u0119 konstytucyjn\u0105, wprowadza\u0142a zasad\u0119 tr\u00f3jpodzia\u0142u w\u0142adzy. Wyrazicielem suwerennej woli narodu mia\u0142 by\u0107 dwuizbowy Sejm.<br>Ju\u017c w dwa dni po uchwaleniu Konstytucji dzie\u0144 3 maja uznano za \u015bwi\u0119to narodowe, kt\u00f3re p\u00f3\u017aniej z powodu niewoli kraju zosta\u0142o na d\u0142ugi czas zawieszone. W 1792 roku rozpocz\u0119\u0142a si\u0119 wojna polsko-rosyjska w obronie Konstytucji 3 Maja. Ostatecznie dosz\u0142o do okupacji Polski, obalenia Konstytucji i drugiego rozbioru pa\u0144stwa. \u015awi\u0119to 3 Maja zosta\u0142o przywr\u00f3cone w II Rzeczypospolitej Polskiej w kwietniu 1919 roku. Zdelegalizowane przez okupant\u00f3w niemieckich i sowieckich podczas II wojny \u015bwiatowej, zakazane by\u0142o r\u00f3wnie\u017c w PRL. Od 1990 roku 3 Maja ponownie jest oficjalnym \u015bwi\u0119tem narodowym Polak\u00f3w.<br>Wsp\u00f3lnie oddajmy ho\u0142d tym, kt\u00f3rzy przyczynili si\u0119 do powstania tego aktu \u2013 my\u015blicielom politycznym, pos\u0142om na Sejm Czteroletni, przedstawicielom \u00f3wczesnego obozu patriotycznego oraz pokoleniom Polak\u00f3w, kt\u00f3rych niez\u0142omna walka pozwoli\u0142a na przetrwanie lat niewoli i odzyskanie niepodleg\u0142o\u015bci.<\/p>\n","protected":false},"excerpt":{"rendered":"<p>W bie\u017c\u0105cym roku szkolnym mija 230. rocznica uchwalenia Konstytucji 3 maja. Jest to szczeg\u00f3lna rocznica, kt\u00f3ra zosta\u0142a uchwalona przez Sejm RP ROKIEM KONSTYTUCJI. \u015awi\u0119tujemy pami\u0119\u0107 powstania dokumentu, kt\u00f3ry jest jednym z symboli naszej niepodleg\u0142o\u015bci. Niew\u0105tpliwie<\/p>\n","protected":false},"author":1,"featured_media":5937,"comment_status":"closed","ping_status":"closed","sticky":false,"template":"","format":"standard","meta":{"ngg_post_thumbnail":0,"_themeisle_gutenberg_block_has_review":false,"jetpack_post_was_ever_published":false,"_jetpack_newsletter_access":"","_jetpack_dont_email_post_to_subs":false,"_jetpack_newsletter_tier_id":0,"_jetpack_memberships_contains_paywalled_content":false,"_jetpack_memberships_contains_paid_content":false,"footnotes":"","jetpack_publicize_message":"","jetpack_publicize_feature_enabled":true,"jetpack_social_post_already_shared":true,"jetpack_social_options":{"image_generator_settings":{"template":"highway","default_image_id":0,"font":"","enabled":false},"version":2}},"categories":[53],"tags":[],"class_list":["post-5936","post","type-post","status-publish","format-standard","has-post-thumbnail","hentry","category-rocznice"],"jetpack_publicize_connections":[],"jetpack_featured_media_url":"https:\/\/i0.wp.com\/zsp.wegrow.pl\/wp-content\/uploads\/2021\/04\/3-maja.jpg?fit=800%2C543&ssl=1","jetpack_sharing_enabled":true,"jetpack_shortlink":"https:\/\/wp.me\/paT2nI-1xK","_links":{"self":[{"href":"https:\/\/zsp.wegrow.pl\/index.php\/wp-json\/wp\/v2\/posts\/5936","targetHints":{"allow":["GET"]}}],"collection":[{"href":"https:\/\/zsp.wegrow.pl\/index.php\/wp-json\/wp\/v2\/posts"}],"about":[{"href":"https:\/\/zsp.wegrow.pl\/index.php\/wp-json\/wp\/v2\/types\/post"}],"author":[{"embeddable":true,"href":"https:\/\/zsp.wegrow.pl\/index.php\/wp-json\/wp\/v2\/users\/1"}],"replies":[{"embeddable":true,"href":"https:\/\/zsp.wegrow.pl\/index.php\/wp-json\/wp\/v2\/comments?post=5936"}],"version-history":[{"count":1,"href":"https:\/\/zsp.wegrow.pl\/index.php\/wp-json\/wp\/v2\/posts\/5936\/revisions"}],"predecessor-version":[{"id":5938,"href":"https:\/\/zsp.wegrow.pl\/index.php\/wp-json\/wp\/v2\/posts\/5936\/revisions\/5938"}],"wp:featuredmedia":[{"embeddable":true,"href":"https:\/\/zsp.wegrow.pl\/index.php\/wp-json\/wp\/v2\/media\/5937"}],"wp:attachment":[{"href":"https:\/\/zsp.wegrow.pl\/index.php\/wp-json\/wp\/v2\/media?parent=5936"}],"wp:term":[{"taxonomy":"category","embeddable":true,"href":"https:\/\/zsp.wegrow.pl\/index.php\/wp-json\/wp\/v2\/categories?post=5936"},{"taxonomy":"post_tag","embeddable":true,"href":"https:\/\/zsp.wegrow.pl\/index.php\/wp-json\/wp\/v2\/tags?post=5936"}],"curies":[{"name":"wp","href":"https:\/\/api.w.org\/{rel}","templated":true}]}}