{"id":6088,"date":"2021-05-30T22:51:15","date_gmt":"2021-05-30T20:51:15","guid":{"rendered":"http:\/\/zsp.wegrow.pl\/?p=6088"},"modified":"2021-09-24T09:23:23","modified_gmt":"2021-09-24T07:23:23","slug":"pozdrowienia-ze-slonecznej-grecji","status":"publish","type":"post","link":"https:\/\/zsp.wegrow.pl\/index.php\/2021\/05\/30\/pozdrowienia-ze-slonecznej-grecji\/","title":{"rendered":"Pozdrowienia ze s\u0142onecznej Grecji\u2026"},"content":{"rendered":"\n<p class=\"has-drop-cap has-text-align-justify\">Najwa\u017cniejsze s\u0105 oczywi\u015bcie praktyki zawodowe, kt\u00f3rych zakres dostosowano do zawod\u00f3w, w jakich kszta\u0142c\u0105 si\u0119 nasi uczniowie, ale dodatkow\u0105 atrakcj\u0105 pobytu w Grecji jest program kulturowy, w ramach kt\u00f3rego ostatnio nasi uczniowie m. in. zwiedzali Stary Pantelejmon i Kompleks skalno-klasztorny Meteory. Stary Pandelejmon to wioska po\u0142o\u017cona wysoko w G\u00f3rach Pirejskich. Miejscowo\u015b\u0107, ulokowana na stokach masywu Olimpu, jest \u017cywym skansenem. Rozci\u0105ga si\u0119 z niej pi\u0119kna panorama. Zachwyt wzbudzaj\u0105 tradycyjne greckie domki, pobudowane bardzo g\u0119sto oraz w\u0105skie uliczki wciskaj\u0105ce si\u0119 mi\u0119dzy zabudowania. W centrum wioski stoi zabytkowy ko\u015bci\u00f3\u0142 \u015bw. Pantelejmona.<br>M\u0142odzie\u017c podziwia\u0142a Meteory, pi\u0119kne g\u00f3ry, na kt\u00f3rych znajduj\u0105 si\u0119 monastyry z XIV wieku. Meteory to drugie po \u015awi\u0119tej G\u00f3rze Athos najwa\u017cniejsze centrum prawos\u0142awnego monastycyzmu w Grecji oraz zabytek wpisany na List\u0119 \u015awiatowego Dziedzictwa UNESCO.<br>Meteory nazywane by\u0142y Skalnym Lasem lub Skalnym Miastem. W XIV wieku \u015bwi\u0119ty Anastazy, za\u0142o\u017cyciel pierwszego monastyru, nazwa\u0142 je meteora, czyli \u201ezawieszone w powietrzu\u201d. Ska\u0142y powsta\u0142y na skutek naniesienia przez wody rzeki, wpadaj\u0105cej do jeziora, materia\u0142u przez ni\u0105 transportowanego: piask\u00f3w, \u017cwir\u00f3w i kamieni. Niesiony materia\u0142 osadza\u0142 si\u0119 w miejscu uj\u015bcia rzeki do jeziora i nawarstwia\u0142 si\u0119. Na skutek proces\u00f3w geologicznych i powsta\u0142ego p\u0119kni\u0119cia w masywie Olimpu, wody z jeziora znalaz\u0142y uj\u015bcie i odp\u0142yn\u0119\u0142y do morza. W odcinku uj\u015bciowym rzeki pozosta\u0142 gigantycznych rozmiar\u00f3w materia\u0142 osadowy. Na skutek proces\u00f3w wietrzenia i dzia\u0142alno\u015bci erozyjnej wody, materia\u0142 rozpada\u0142 si\u0119 na mniejsze formy o niezwyk\u0142ych kszta\u0142tach. Na skalnych osta\u0144cach zacz\u0119\u0142y powstawa\u0107 klasztory. W czasach najwi\u0119kszej \u015bwietno\u015bci, czyli w XV i XVI wieku funkcjonowa\u0142y 24 monastyry. W XVIII wieku klasztory zacz\u0119\u0142y wyludnia\u0107 si\u0119 i popada\u0107 w ruin\u0119. Obecnie do zwiedzania udost\u0119pnionych jest zaledwie sze\u015b\u0107.<br>To oczywi\u015bcie nie koniec pobytu w tym urokliwym miejscu. Uczniowie maj\u0105 zaplanowane jeszcze wiele atrakcji na przysz\u0142y tydzie\u0144.<br>Przesy\u0142amy pozdrowienia od wszystkich uczestnik\u00f3w wyjazdu i zapraszamy do obejrzenia zdj\u0119\u0107 przes\u0142anych z pi\u0119knej i ciep\u0142ej Grecji.<br>A obecnie druga grupa uczni\u00f3w przygotowuje si\u0119 w\u0142a\u015bnie do wspania\u0142ej wyprawy\u2026.wyje\u017cd\u017caj\u0105 ju\u017c za chwil\u0119\u2026 6 czerwca \u2026.<\/p>\n\n\n\n[Best_Wordpress_Gallery id=&#8221;46&#8243; gal_title=&#8221;Pozdrowienia ze s\u0142onecznej Grecji&#8221;]\n","protected":false},"excerpt":{"rendered":"<p>Najwa\u017cniejsze s\u0105 oczywi\u015bcie praktyki zawodowe, kt\u00f3rych zakres dostosowano do zawod\u00f3w, w jakich kszta\u0142c\u0105 si\u0119 nasi uczniowie, ale dodatkow\u0105 atrakcj\u0105 pobytu w Grecji jest program kulturowy, w ramach kt\u00f3rego ostatnio nasi uczniowie m. in. zwiedzali Stary<\/p>\n","protected":false},"author":1,"featured_media":6279,"comment_status":"closed","ping_status":"closed","sticky":false,"template":"","format":"standard","meta":{"ngg_post_thumbnail":0,"_themeisle_gutenberg_block_has_review":false,"jetpack_post_was_ever_published":false,"_jetpack_newsletter_access":"","_jetpack_dont_email_post_to_subs":false,"_jetpack_newsletter_tier_id":0,"_jetpack_memberships_contains_paywalled_content":false,"_jetpack_memberships_contains_paid_content":false,"footnotes":"","jetpack_publicize_message":"","jetpack_publicize_feature_enabled":true,"jetpack_social_post_already_shared":true,"jetpack_social_options":{"image_generator_settings":{"template":"highway","default_image_id":0,"font":"","enabled":false},"version":2}},"categories":[55,56,37],"tags":[],"class_list":["post-6088","post","type-post","status-publish","format-standard","has-post-thumbnail","hentry","category-erasmus","category-praktyki-zagraniczne-grecja","category-projekty"],"jetpack_publicize_connections":[],"jetpack_featured_media_url":"https:\/\/i0.wp.com\/zsp.wegrow.pl\/wp-content\/uploads\/2021\/05\/okladka-Grecja.jpg?fit=2134%2C1481&ssl=1","jetpack_sharing_enabled":true,"jetpack_shortlink":"https:\/\/wp.me\/paT2nI-1Ac","_links":{"self":[{"href":"https:\/\/zsp.wegrow.pl\/index.php\/wp-json\/wp\/v2\/posts\/6088","targetHints":{"allow":["GET"]}}],"collection":[{"href":"https:\/\/zsp.wegrow.pl\/index.php\/wp-json\/wp\/v2\/posts"}],"about":[{"href":"https:\/\/zsp.wegrow.pl\/index.php\/wp-json\/wp\/v2\/types\/post"}],"author":[{"embeddable":true,"href":"https:\/\/zsp.wegrow.pl\/index.php\/wp-json\/wp\/v2\/users\/1"}],"replies":[{"embeddable":true,"href":"https:\/\/zsp.wegrow.pl\/index.php\/wp-json\/wp\/v2\/comments?post=6088"}],"version-history":[{"count":2,"href":"https:\/\/zsp.wegrow.pl\/index.php\/wp-json\/wp\/v2\/posts\/6088\/revisions"}],"predecessor-version":[{"id":6280,"href":"https:\/\/zsp.wegrow.pl\/index.php\/wp-json\/wp\/v2\/posts\/6088\/revisions\/6280"}],"wp:featuredmedia":[{"embeddable":true,"href":"https:\/\/zsp.wegrow.pl\/index.php\/wp-json\/wp\/v2\/media\/6279"}],"wp:attachment":[{"href":"https:\/\/zsp.wegrow.pl\/index.php\/wp-json\/wp\/v2\/media?parent=6088"}],"wp:term":[{"taxonomy":"category","embeddable":true,"href":"https:\/\/zsp.wegrow.pl\/index.php\/wp-json\/wp\/v2\/categories?post=6088"},{"taxonomy":"post_tag","embeddable":true,"href":"https:\/\/zsp.wegrow.pl\/index.php\/wp-json\/wp\/v2\/tags?post=6088"}],"curies":[{"name":"wp","href":"https:\/\/api.w.org\/{rel}","templated":true}]}}