{"id":6436,"date":"2021-08-02T23:59:35","date_gmt":"2021-08-02T21:59:35","guid":{"rendered":"http:\/\/zsp.wegrow.pl\/?p=6436"},"modified":"2021-09-24T09:06:41","modified_gmt":"2021-09-24T07:06:41","slug":"apel-pameci-77-rocznica-wybuchu-powstania-warszawskiego","status":"publish","type":"post","link":"https:\/\/zsp.wegrow.pl\/index.php\/2021\/08\/02\/apel-pameci-77-rocznica-wybuchu-powstania-warszawskiego\/","title":{"rendered":"APEL PAM\u0118CI \u2013 77. ROCZNICA WYBUCHU POWSTANIA WARSZAWSKIEGO"},"content":{"rendered":"\n<p class=\"has-text-align-justify\">1 sierpnia 2021 r. o godz. 17.00, przy pomniku Armii Krajowej w W\u0119growie uczniowie klas mundurowych 2LOp i 2LOg Zespo\u0142u Szk\u00f3\u0142 Ponadpodstawowych im. J. Kochanowskiego w W\u0119growie uczcili 77 ROCZNIC\u0118 WYBUCHU POWSTANIA WARSZAWSKIEGO.<br>Na uroczysto\u015bci obecny by\u0142 r\u00f3wnie\u017c Poczet Sztandarowy Szko\u0142y. Jako wsp\u00f3\u0142organizator &#8211; nasi uczniowie i nauczyciele oddali cze\u015b\u0107 Bohaterom Powstania Warszawskiego 1944.<br>Opiek\u0119 nad uczniami sprawowa\u0142y panie: Monika Krasnod\u0119bska, Magdalena Ceglarska-Kowal, El\u017cbieta Topoli\u0144ska, Katarzyna Grenda i Joanna Go\u0142\u0119biewska-Kokoszka.<br>Nasza pami\u0119\u0107 i uczestnictwo w uroczysto\u015bci niech b\u0119d\u0105 wyrazem szacunku i wdzi\u0119czno\u015bci dla powsta\u0144c\u00f3w, kt\u00f3rzy walczyli o woln\u0105 Polsk\u0119!<\/p>\n\n\n\n<figure class=\"wp-block-gallery columns-2 is-cropped wp-block-gallery-1 is-layout-flex wp-block-gallery-is-layout-flex\"><ul class=\"blocks-gallery-grid\"><li class=\"blocks-gallery-item\"><figure><a href=\"https:\/\/i0.wp.com\/zsp.wegrow.pl\/wp-content\/uploads\/2021\/08\/rocznica-PW-1.jpg\"><img data-recalc-dims=\"1\" fetchpriority=\"high\" decoding=\"async\" width=\"840\" height=\"473\" src=\"https:\/\/i0.wp.com\/zsp.wegrow.pl\/wp-content\/uploads\/2021\/08\/rocznica-PW-1-1024x576.jpg?resize=840%2C473\" alt=\"\" data-id=\"6437\" data-full-url=\"http:\/\/zsp.wegrow.pl\/wp-content\/uploads\/2021\/08\/rocznica-PW-1.jpg\" data-link=\"http:\/\/zsp.wegrow.pl\/?attachment_id=6437\" class=\"wp-image-6437\" srcset=\"https:\/\/i0.wp.com\/zsp.wegrow.pl\/wp-content\/uploads\/2021\/08\/rocznica-PW-1.jpg?resize=1024%2C576&amp;ssl=1 1024w, https:\/\/i0.wp.com\/zsp.wegrow.pl\/wp-content\/uploads\/2021\/08\/rocznica-PW-1.jpg?resize=300%2C169&amp;ssl=1 300w, https:\/\/i0.wp.com\/zsp.wegrow.pl\/wp-content\/uploads\/2021\/08\/rocznica-PW-1.jpg?resize=150%2C84&amp;ssl=1 150w, https:\/\/i0.wp.com\/zsp.wegrow.pl\/wp-content\/uploads\/2021\/08\/rocznica-PW-1.jpg?resize=768%2C432&amp;ssl=1 768w, https:\/\/i0.wp.com\/zsp.wegrow.pl\/wp-content\/uploads\/2021\/08\/rocznica-PW-1.jpg?resize=1536%2C864&amp;ssl=1 1536w, https:\/\/i0.wp.com\/zsp.wegrow.pl\/wp-content\/uploads\/2021\/08\/rocznica-PW-1.jpg?resize=24%2C13&amp;ssl=1 24w, https:\/\/i0.wp.com\/zsp.wegrow.pl\/wp-content\/uploads\/2021\/08\/rocznica-PW-1.jpg?resize=36%2C20&amp;ssl=1 36w, https:\/\/i0.wp.com\/zsp.wegrow.pl\/wp-content\/uploads\/2021\/08\/rocznica-PW-1.jpg?resize=48%2C27&amp;ssl=1 48w, https:\/\/i0.wp.com\/zsp.wegrow.pl\/wp-content\/uploads\/2021\/08\/rocznica-PW-1.jpg?w=1599&amp;ssl=1 1599w\" sizes=\"(max-width: 840px) 100vw, 840px\" \/><\/a><\/figure><\/li><li class=\"blocks-gallery-item\"><figure><a href=\"https:\/\/i0.wp.com\/zsp.wegrow.pl\/wp-content\/uploads\/2021\/08\/rocznica-PW-3.jpg\"><img data-recalc-dims=\"1\" decoding=\"async\" width=\"840\" height=\"473\" src=\"https:\/\/i0.wp.com\/zsp.wegrow.pl\/wp-content\/uploads\/2021\/08\/rocznica-PW-3-1024x576.jpg?resize=840%2C473\" alt=\"\" data-id=\"6439\" data-full-url=\"http:\/\/zsp.wegrow.pl\/wp-content\/uploads\/2021\/08\/rocznica-PW-3.jpg\" data-link=\"http:\/\/zsp.wegrow.pl\/?attachment_id=6439\" class=\"wp-image-6439\" srcset=\"https:\/\/i0.wp.com\/zsp.wegrow.pl\/wp-content\/uploads\/2021\/08\/rocznica-PW-3.jpg?resize=1024%2C576&amp;ssl=1 1024w, https:\/\/i0.wp.com\/zsp.wegrow.pl\/wp-content\/uploads\/2021\/08\/rocznica-PW-3.jpg?resize=300%2C169&amp;ssl=1 300w, https:\/\/i0.wp.com\/zsp.wegrow.pl\/wp-content\/uploads\/2021\/08\/rocznica-PW-3.jpg?resize=150%2C84&amp;ssl=1 150w, https:\/\/i0.wp.com\/zsp.wegrow.pl\/wp-content\/uploads\/2021\/08\/rocznica-PW-3.jpg?resize=768%2C432&amp;ssl=1 768w, https:\/\/i0.wp.com\/zsp.wegrow.pl\/wp-content\/uploads\/2021\/08\/rocznica-PW-3.jpg?resize=1536%2C864&amp;ssl=1 1536w, https:\/\/i0.wp.com\/zsp.wegrow.pl\/wp-content\/uploads\/2021\/08\/rocznica-PW-3.jpg?resize=24%2C13&amp;ssl=1 24w, https:\/\/i0.wp.com\/zsp.wegrow.pl\/wp-content\/uploads\/2021\/08\/rocznica-PW-3.jpg?resize=36%2C20&amp;ssl=1 36w, https:\/\/i0.wp.com\/zsp.wegrow.pl\/wp-content\/uploads\/2021\/08\/rocznica-PW-3.jpg?resize=48%2C27&amp;ssl=1 48w, https:\/\/i0.wp.com\/zsp.wegrow.pl\/wp-content\/uploads\/2021\/08\/rocznica-PW-3.jpg?w=1599&amp;ssl=1 1599w\" sizes=\"(max-width: 840px) 100vw, 840px\" \/><\/a><\/figure><\/li><li class=\"blocks-gallery-item\"><figure><a href=\"https:\/\/i0.wp.com\/zsp.wegrow.pl\/wp-content\/uploads\/2021\/08\/rocznica-PW-2.jpg\"><img data-recalc-dims=\"1\" decoding=\"async\" width=\"840\" height=\"473\" src=\"https:\/\/i0.wp.com\/zsp.wegrow.pl\/wp-content\/uploads\/2021\/08\/rocznica-PW-2-1024x576.jpg?resize=840%2C473\" alt=\"\" data-id=\"6438\" data-full-url=\"http:\/\/zsp.wegrow.pl\/wp-content\/uploads\/2021\/08\/rocznica-PW-2.jpg\" data-link=\"http:\/\/zsp.wegrow.pl\/?attachment_id=6438\" class=\"wp-image-6438\" srcset=\"https:\/\/i0.wp.com\/zsp.wegrow.pl\/wp-content\/uploads\/2021\/08\/rocznica-PW-2.jpg?resize=1024%2C576&amp;ssl=1 1024w, https:\/\/i0.wp.com\/zsp.wegrow.pl\/wp-content\/uploads\/2021\/08\/rocznica-PW-2.jpg?resize=300%2C169&amp;ssl=1 300w, https:\/\/i0.wp.com\/zsp.wegrow.pl\/wp-content\/uploads\/2021\/08\/rocznica-PW-2.jpg?resize=150%2C84&amp;ssl=1 150w, https:\/\/i0.wp.com\/zsp.wegrow.pl\/wp-content\/uploads\/2021\/08\/rocznica-PW-2.jpg?resize=768%2C432&amp;ssl=1 768w, https:\/\/i0.wp.com\/zsp.wegrow.pl\/wp-content\/uploads\/2021\/08\/rocznica-PW-2.jpg?resize=1536%2C864&amp;ssl=1 1536w, https:\/\/i0.wp.com\/zsp.wegrow.pl\/wp-content\/uploads\/2021\/08\/rocznica-PW-2.jpg?resize=24%2C13&amp;ssl=1 24w, https:\/\/i0.wp.com\/zsp.wegrow.pl\/wp-content\/uploads\/2021\/08\/rocznica-PW-2.jpg?resize=36%2C20&amp;ssl=1 36w, https:\/\/i0.wp.com\/zsp.wegrow.pl\/wp-content\/uploads\/2021\/08\/rocznica-PW-2.jpg?resize=48%2C27&amp;ssl=1 48w, https:\/\/i0.wp.com\/zsp.wegrow.pl\/wp-content\/uploads\/2021\/08\/rocznica-PW-2.jpg?w=1599&amp;ssl=1 1599w\" sizes=\"(max-width: 840px) 100vw, 840px\" \/><\/a><\/figure><\/li><li class=\"blocks-gallery-item\"><figure><a href=\"https:\/\/i0.wp.com\/zsp.wegrow.pl\/wp-content\/uploads\/2021\/08\/rocznica-PW-4.jpg\"><img data-recalc-dims=\"1\" loading=\"lazy\" decoding=\"async\" width=\"840\" height=\"630\" src=\"https:\/\/i0.wp.com\/zsp.wegrow.pl\/wp-content\/uploads\/2021\/08\/rocznica-PW-4-1024x768.jpg?resize=840%2C630\" alt=\"\" data-id=\"6440\" data-full-url=\"http:\/\/zsp.wegrow.pl\/wp-content\/uploads\/2021\/08\/rocznica-PW-4.jpg\" data-link=\"http:\/\/zsp.wegrow.pl\/?attachment_id=6440\" class=\"wp-image-6440\" srcset=\"https:\/\/i0.wp.com\/zsp.wegrow.pl\/wp-content\/uploads\/2021\/08\/rocznica-PW-4.jpg?resize=1024%2C768&amp;ssl=1 1024w, https:\/\/i0.wp.com\/zsp.wegrow.pl\/wp-content\/uploads\/2021\/08\/rocznica-PW-4.jpg?resize=300%2C225&amp;ssl=1 300w, https:\/\/i0.wp.com\/zsp.wegrow.pl\/wp-content\/uploads\/2021\/08\/rocznica-PW-4.jpg?resize=150%2C113&amp;ssl=1 150w, https:\/\/i0.wp.com\/zsp.wegrow.pl\/wp-content\/uploads\/2021\/08\/rocznica-PW-4.jpg?resize=768%2C576&amp;ssl=1 768w, https:\/\/i0.wp.com\/zsp.wegrow.pl\/wp-content\/uploads\/2021\/08\/rocznica-PW-4.jpg?resize=840%2C630&amp;ssl=1 840w, https:\/\/i0.wp.com\/zsp.wegrow.pl\/wp-content\/uploads\/2021\/08\/rocznica-PW-4.jpg?resize=440%2C330&amp;ssl=1 440w, https:\/\/i0.wp.com\/zsp.wegrow.pl\/wp-content\/uploads\/2021\/08\/rocznica-PW-4.jpg?resize=24%2C18&amp;ssl=1 24w, https:\/\/i0.wp.com\/zsp.wegrow.pl\/wp-content\/uploads\/2021\/08\/rocznica-PW-4.jpg?resize=36%2C27&amp;ssl=1 36w, https:\/\/i0.wp.com\/zsp.wegrow.pl\/wp-content\/uploads\/2021\/08\/rocznica-PW-4.jpg?resize=48%2C36&amp;ssl=1 48w, https:\/\/i0.wp.com\/zsp.wegrow.pl\/wp-content\/uploads\/2021\/08\/rocznica-PW-4.jpg?w=1280&amp;ssl=1 1280w\" sizes=\"(max-width: 840px) 100vw, 840px\" \/><\/a><\/figure><\/li><\/ul><\/figure>\n","protected":false},"excerpt":{"rendered":"<p>1 sierpnia 2021 r. o godz. 17.00, przy pomniku Armii Krajowej w W\u0119growie uczniowie klas mundurowych 2LOp i 2LOg Zespo\u0142u Szk\u00f3\u0142 Ponadpodstawowych im. J. Kochanowskiego w W\u0119growie uczcili 77 ROCZNIC\u0118 WYBUCHU POWSTANIA WARSZAWSKIEGO.Na uroczysto\u015bci obecny<\/p>\n","protected":false},"author":1,"featured_media":6445,"comment_status":"closed","ping_status":"closed","sticky":false,"template":"","format":"standard","meta":{"ngg_post_thumbnail":0,"_themeisle_gutenberg_block_has_review":false,"jetpack_post_was_ever_published":false,"_jetpack_newsletter_access":"","_jetpack_dont_email_post_to_subs":false,"_jetpack_newsletter_tier_id":0,"_jetpack_memberships_contains_paywalled_content":false,"_jetpack_memberships_contains_paid_content":false,"footnotes":"","jetpack_publicize_message":"","jetpack_publicize_feature_enabled":true,"jetpack_social_post_already_shared":true,"jetpack_social_options":{"image_generator_settings":{"template":"highway","default_image_id":0,"font":"","enabled":false},"version":2}},"categories":[23,53,38],"tags":[],"class_list":["post-6436","post","type-post","status-publish","format-standard","has-post-thumbnail","hentry","category-klasy-mundurowe","category-rocznice","category-uroczystosci"],"jetpack_publicize_connections":[],"jetpack_featured_media_url":"https:\/\/i0.wp.com\/zsp.wegrow.pl\/wp-content\/uploads\/2021\/08\/77rwPW_1.jpg?fit=824%2C433&ssl=1","jetpack_sharing_enabled":true,"jetpack_shortlink":"https:\/\/wp.me\/paT2nI-1FO","_links":{"self":[{"href":"https:\/\/zsp.wegrow.pl\/index.php\/wp-json\/wp\/v2\/posts\/6436","targetHints":{"allow":["GET"]}}],"collection":[{"href":"https:\/\/zsp.wegrow.pl\/index.php\/wp-json\/wp\/v2\/posts"}],"about":[{"href":"https:\/\/zsp.wegrow.pl\/index.php\/wp-json\/wp\/v2\/types\/post"}],"author":[{"embeddable":true,"href":"https:\/\/zsp.wegrow.pl\/index.php\/wp-json\/wp\/v2\/users\/1"}],"replies":[{"embeddable":true,"href":"https:\/\/zsp.wegrow.pl\/index.php\/wp-json\/wp\/v2\/comments?post=6436"}],"version-history":[{"count":3,"href":"https:\/\/zsp.wegrow.pl\/index.php\/wp-json\/wp\/v2\/posts\/6436\/revisions"}],"predecessor-version":[{"id":6449,"href":"https:\/\/zsp.wegrow.pl\/index.php\/wp-json\/wp\/v2\/posts\/6436\/revisions\/6449"}],"wp:featuredmedia":[{"embeddable":true,"href":"https:\/\/zsp.wegrow.pl\/index.php\/wp-json\/wp\/v2\/media\/6445"}],"wp:attachment":[{"href":"https:\/\/zsp.wegrow.pl\/index.php\/wp-json\/wp\/v2\/media?parent=6436"}],"wp:term":[{"taxonomy":"category","embeddable":true,"href":"https:\/\/zsp.wegrow.pl\/index.php\/wp-json\/wp\/v2\/categories?post=6436"},{"taxonomy":"post_tag","embeddable":true,"href":"https:\/\/zsp.wegrow.pl\/index.php\/wp-json\/wp\/v2\/tags?post=6436"}],"curies":[{"name":"wp","href":"https:\/\/api.w.org\/{rel}","templated":true}]}}