{"id":6822,"date":"2021-11-09T12:47:47","date_gmt":"2021-11-09T11:47:47","guid":{"rendered":"http:\/\/zsp.wegrow.pl\/?p=6822"},"modified":"2022-03-24T15:46:34","modified_gmt":"2022-03-24T14:46:34","slug":"6822","status":"publish","type":"post","link":"https:\/\/zsp.wegrow.pl\/index.php\/2021\/11\/09\/6822\/","title":{"rendered":"Biblioteka szkolna"},"content":{"rendered":"\n<blockquote class=\"wp-block-quote has-text-align-right is-layout-flow wp-block-quote-is-layout-flow\"><p><em>Kto czyta ksi\u0105\u017cki, \u017cyje podw\u00f3jnie\u2026<\/em><\/p><cite>Umberto Eco<\/cite><\/blockquote>\n\n\n\n<div style=\"height:30px\" aria-hidden=\"true\" class=\"wp-block-spacer\"><\/div>\n\n\n\n<h3 class=\"has-text-align-center wp-block-heading\">ZACZYTAJ SI\u0118 JESIENI\u0104\u2026<\/h3>\n\n\n\n<p class=\"has-drop-cap has-text-align-justify\">Jesie\u0144 to doskona\u0142a pora roku, w kt\u00f3rej mo\u017cna d\u0142ugimi wieczorami czyta\u0107 dobr\u0105 ksi\u0105\u017ck\u0119, a w naszej bibliotece szkolnej ka\u017cdy mi\u0142o\u015bnik czytania znajdzie co\u015b dla siebie.<br>Nauczycielki bibliotekarki przygotowa\u0142y ciekaw\u0105 propozycj\u0119 czytelnicz\u0105 dla ca\u0142ej spo\u0142eczno\u015bci szkolnej. Nasi uczniowie mog\u0105 korzysta\u0107 z k\u0105cika czytelniczego.<br>Jesie\u0144 to pi\u0119kna pora roku, kt\u00f3ra ma wiele do zaoferowania i nie musi kojarzy\u0107 si\u0119 z nud\u0105, a wr\u0119cz przeciwnie to zaproszenie do odkrywania i poszukiwania nowych cel\u00f3w. Znana brytyjska pisarka, Joanne K. Rowling powiedzia\u0142a: Kiedy masz jakie\u015b w\u0105tpliwo\u015bci, id\u017a do biblioteki\u2026<br>Zapraszamy!<\/p>\n\n\n\n<div style=\"height:30px\" aria-hidden=\"true\" class=\"wp-block-spacer\"><\/div>\n\n\n\n<p class=\"has-text-align-center\"><em>Leopold Staff<br><strong>&#8222;Deszcz jesienn<\/strong><\/em><strong><em>y<\/em>&#8222;<\/strong><\/p>\n\n\n\n<p class=\"has-text-align-center\"><em>O szyby deszcz dzwoni, deszcz dzwoni jesienny<br>I pluszcze jednaki, miarowy, niezmienny,<br>D\u017cd\u017cu krople padaj\u0105 i t\u0142uk\u0105 w me okno\u2026<br>J\u0119k szklany\u2026 p\u0142acz szklany\u2026 a szyby w mgle mokn\u0105<br>I \u015bwiat\u0142a szarego blask s\u0105czy si\u0119 senny\u2026<br>O szyby deszcz dzwoni, deszcz dzwoni jesienny\u2026<\/em><\/p>\n\n\n\n<p class=\"has-text-align-center\"><em>Wieczornych sn\u00f3w mary powiewne, dziewicze<br>Na pr\u00f3\u017cno czeka\u0142y na s\u0142o\u0144ca oblicze\u2026<br>W dal posz\u0142y przez chmurn\u0105 pustyni\u0119 piaszczyst\u0105,<br>W dal ciemn\u0105 bezkresn\u0105, w dal szar\u0105 i mglist\u0105\u2026<br>Odziane w \u0142achmany szat czarnej \u017ca\u0142oby<br>Szukaj\u0105 ustronia na ciche swe groby,<br>A smutek cie\u0144 k\u0142adzie na licu ich m\u0142odem\u2026<br>Powolnym i d\u0142ugim w\u015br\u00f3d d\u017cd\u017cu korowodem<br>W dal id\u0105 na smutek i \u017cycie tu\u0142acze,<br>A z oczu im lec\u0105 \u0142zy\u2026 Rozpacz tak p\u0142acze\u2026<\/em><\/p>\n\n\n\n<p class=\"has-text-align-center\"><em>To w szyby deszcz dzwoni, deszcz dzwoni jesienny<br>I pluszcze jednaki, miarowy, niezmienny,<br>D\u017cd\u017cu krople padaj\u0105 i t\u0142uk\u0105 w me okno\u2026<br>J\u0119k szklany\u2026 p\u0142acz szklany\u2026 a szyby w mgle mokn\u0105<br>I \u015bwiat\u0142a szarego blask s\u0105czy si\u0119 senny\u2026<br>O szyby deszcz dzwoni, deszcz dzwoni jesienny\u2026<\/em><\/p>\n\n\n\n<p class=\"has-text-align-center\"><em>Kto\u015b dzi\u015b mnie opu\u015bci\u0142 w ten chmurny dzie\u0144 s\u0142otny\u2026<br>Kto? Nie wiem\u2026 Kto\u015b odszed\u0142 i jestem samotny\u2026<br>Kto\u015b umar\u0142\u2026 Kto? Pr\u00f3\u017cno w pami\u0119ci swej grzebi\u0119\u2026<br>Kto\u015b drogi\u2026 wszak by\u0142em na jakim\u015b pogrzebie\u2026<br>Tak\u2026 Szcz\u0119\u015bcie przyj\u015b\u0107 chcia\u0142o, lecz mrok\u00f3w si\u0119 zl\u0119k\u0142o.<br>Kto\u015b chcia\u0142 mnie ukocha\u0107, lecz serce mu p\u0119k\u0142o,<br>Gdy pozna\u0142, \u017ce we mnie skr\u0119 roztli\u0107 chce pr\u00f3\u017cno\u2026<br>Zmar\u0142 n\u0119dzarz, nim ludzie go wsparli ja\u0142mu\u017cn\u0105\u2026<br>Gdzie\u015b po\u017car spopieli\u0142 zagrod\u0119 wie\u015bniacz\u0105\u2026<br>Spali\u0142y si\u0119 dzieci\u2026 Jak ludzie w kr\u0105g p\u0142acz\u0105\u2026<\/em><\/p>\n\n\n\n<p class=\"has-text-align-center\"><em>To w szyby deszcz dzwoni, deszcz dzwoni jesienny<br>I pluszcze jednaki, miarowy, niezmienny,<br>D\u017cd\u017cu krople padaj\u0105 i t\u0142uk\u0105 w me okno\u2026<br>J\u0119k szklany\u2026 p\u0142acz szklany\u2026 a szyby w mgle mokn\u0105<br>I \u015bwiat\u0142a szarego blask s\u0105czy si\u0119 senny\u2026<br>O szyby deszcz dzwoni, deszcz dzwoni jesienny\u2026<\/em><\/p>\n\n\n\n<p class=\"has-text-align-center\"><em>Przez ogr\u00f3d m\u00f3j szatan szed\u0142 smutny \u015bmiertelnie<br>I zmieni\u0142 go w straszn\u0105, okropn\u0105 pustelni\u0119\u2026<br>Z ponurym, na piersi zwieszonym szed\u0142 czo\u0142em<br>I kwiaty kwitn\u0105ce przysypa\u0142 popio\u0142em,<br>Trawniki zarzuci\u0142 bry\u0142ami kamienia<br>I posia\u0142 sza\u0142 trwogi i \u015bmier\u0107 przera\u017cenia\u2026<br>A\u017c strwo\u017con swym dzie\u0142em, brzemieniem o\u0142owiu<br>Po\u0142o\u017cy\u0142 si\u0119 na tym kamiennym pustkowiu,<br>By w piersi \u0142kaj\u0105ce przyt\u0142umi\u0107 rozpacze<br>I smutk\u00f3w potwornych p\u0142omienne \u0142zy p\u0142acze\u2026<\/em><\/p>\n\n\n\n<p class=\"has-text-align-center\"><em>To w szyby deszcz dzwoni, deszcz dzwoni jesienny<br>I pluszcze jednaki, miarowy, niezmienny,<br>D\u017cd\u017cu krople padaj\u0105 i t\u0142uk\u0105 w me okno\u2026<br>J\u0119k szklany\u2026 p\u0142acz szklany\u2026 a szyby w mgle mokn\u0105<br>I \u015bwiat\u0142a szarego blask s\u0105czy si\u0119 senny\u2026<br>O szyby deszcz dzwoni, deszcz dzwoni jesienny\u2026<\/em><\/p>\n\n\n\n<div style=\"height:30px\" aria-hidden=\"true\" class=\"wp-block-spacer\"><\/div>\n","protected":false},"excerpt":{"rendered":"<p>Kto czyta ksi\u0105\u017cki, \u017cyje podw\u00f3jnie\u2026 Umberto Eco ZACZYTAJ SI\u0118 JESIENI\u0104\u2026 Jesie\u0144 to doskona\u0142a pora roku, w kt\u00f3rej mo\u017cna d\u0142ugimi wieczorami czyta\u0107 dobr\u0105 ksi\u0105\u017ck\u0119, a w naszej bibliotece szkolnej ka\u017cdy mi\u0142o\u015bnik czytania znajdzie co\u015b dla siebie.Nauczycielki<\/p>\n","protected":false},"author":1,"featured_media":4844,"comment_status":"closed","ping_status":"closed","sticky":false,"template":"","format":"standard","meta":{"ngg_post_thumbnail":0,"_themeisle_gutenberg_block_has_review":false,"jetpack_post_was_ever_published":false,"_jetpack_newsletter_access":"","_jetpack_dont_email_post_to_subs":false,"_jetpack_newsletter_tier_id":0,"_jetpack_memberships_contains_paywalled_content":false,"_jetpack_memberships_contains_paid_content":false,"footnotes":"","jetpack_publicize_message":"","jetpack_publicize_feature_enabled":true,"jetpack_social_post_already_shared":true,"jetpack_social_options":{"image_generator_settings":{"template":"highway","default_image_id":0,"font":"","enabled":false},"version":2}},"categories":[59],"tags":[],"class_list":["post-6822","post","type-post","status-publish","format-standard","has-post-thumbnail","hentry","category-biblioteka-szkolna"],"jetpack_publicize_connections":[],"jetpack_featured_media_url":"https:\/\/i0.wp.com\/zsp.wegrow.pl\/wp-content\/uploads\/2020\/06\/szko%C5%82a_m.jpg?fit=850%2C360&ssl=1","jetpack_sharing_enabled":true,"jetpack_shortlink":"https:\/\/wp.me\/saT2nI-6822","_links":{"self":[{"href":"https:\/\/zsp.wegrow.pl\/index.php\/wp-json\/wp\/v2\/posts\/6822","targetHints":{"allow":["GET"]}}],"collection":[{"href":"https:\/\/zsp.wegrow.pl\/index.php\/wp-json\/wp\/v2\/posts"}],"about":[{"href":"https:\/\/zsp.wegrow.pl\/index.php\/wp-json\/wp\/v2\/types\/post"}],"author":[{"embeddable":true,"href":"https:\/\/zsp.wegrow.pl\/index.php\/wp-json\/wp\/v2\/users\/1"}],"replies":[{"embeddable":true,"href":"https:\/\/zsp.wegrow.pl\/index.php\/wp-json\/wp\/v2\/comments?post=6822"}],"version-history":[{"count":7,"href":"https:\/\/zsp.wegrow.pl\/index.php\/wp-json\/wp\/v2\/posts\/6822\/revisions"}],"predecessor-version":[{"id":7430,"href":"https:\/\/zsp.wegrow.pl\/index.php\/wp-json\/wp\/v2\/posts\/6822\/revisions\/7430"}],"wp:featuredmedia":[{"embeddable":true,"href":"https:\/\/zsp.wegrow.pl\/index.php\/wp-json\/wp\/v2\/media\/4844"}],"wp:attachment":[{"href":"https:\/\/zsp.wegrow.pl\/index.php\/wp-json\/wp\/v2\/media?parent=6822"}],"wp:term":[{"taxonomy":"category","embeddable":true,"href":"https:\/\/zsp.wegrow.pl\/index.php\/wp-json\/wp\/v2\/categories?post=6822"},{"taxonomy":"post_tag","embeddable":true,"href":"https:\/\/zsp.wegrow.pl\/index.php\/wp-json\/wp\/v2\/tags?post=6822"}],"curies":[{"name":"wp","href":"https:\/\/api.w.org\/{rel}","templated":true}]}}