{"id":7093,"date":"2021-12-30T21:02:35","date_gmt":"2021-12-30T20:02:35","guid":{"rendered":"https:\/\/zsp.wegrow.pl\/?p=7093"},"modified":"2022-03-24T15:57:08","modified_gmt":"2022-03-24T14:57:08","slug":"koncert-zycie-dla-zycia","status":"publish","type":"post","link":"https:\/\/zsp.wegrow.pl\/index.php\/2021\/12\/30\/koncert-zycie-dla-zycia\/","title":{"rendered":"Koncert &#8211; &#8222;\u017bycie dla \u017bYCIA&#8221;"},"content":{"rendered":"\n<p class=\"has-drop-cap has-text-align-justify\">Koniec roku to doskona\u0142y moment na wspomnienia tego co za nami, szczeg\u00f3lnie mi\u0142o wspominamy pi\u0119kne i wzruszaj\u0105ce wydarzenia\u2026<\/p>\n\n\n\n<p class=\"has-text-align-justify\">\u201e W \u017cyciu chodzi o \u017bYCIE- &#8211; o to \u017cycie pisane wielk\u0105 liter\u0105\u2026.\u201d<br>Uczniowie naszej szko\u0142y: Emilia Paczuska (3TEK) i Dominik Kwiecie\u0144 (4TM) z w\u0142asnej inicjatywy wzi\u0119li udzia\u0142 w pi\u0119knym wydarzeniu artystycznym, zorganizowanym przez Parafi\u0119 w Miedznie. Wyj\u0105tkowy koncert \u201e \u017cycie dla \u017bycia\u201d odby\u0142 si\u0119 14 listopada 2021.<br>Wielkie przes\u0142anie przekazane w piosenkach za\u015bpiewanych r\u00f3wnie\u017c przez Emilk\u0119 i Dominika \u015bwiadczy o tym, jakimi warto\u015bciami si\u0119 kieruj\u0105 w \u017cyciu. Aktywno\u015b\u0107 naszych uczni\u00f3w w \u015brodowisku lokalnym daje pow\u00f3d do dumy i rado\u015bci dla ca\u0142ej spo\u0142eczno\u015bci szkolnej.<br><br>GRATULUJEMY PI\u0118KNEGO WYST\u0118PU!<br><br>wideo (\u017ar.YouTube- fr.)<br>tekst: Ma\u0142gorzata G\u00f3ral<\/p>\n\n\n\n<figure class=\"wp-block-embed aligncenter is-type-video is-provider-youtube wp-block-embed-youtube wp-embed-aspect-16-9 wp-has-aspect-ratio\"><div class=\"wp-block-embed__wrapper\">\n<span class=\"embed-youtube\" style=\"text-align:center; display: block;\"><iframe class=\"youtube-player\" width=\"840\" height=\"473\" src=\"https:\/\/www.youtube.com\/embed\/3IRw6QR5Ugk?version=3&#038;rel=1&#038;showsearch=0&#038;showinfo=1&#038;iv_load_policy=1&#038;fs=1&#038;hl=pl-PL&#038;autohide=2&#038;wmode=transparent\" allowfullscreen=\"true\" style=\"border:0;\" sandbox=\"allow-scripts allow-same-origin allow-popups allow-presentation allow-popups-to-escape-sandbox\"><\/iframe><\/span>\n<\/div><\/figure>\n","protected":false},"excerpt":{"rendered":"<p>Koniec roku to doskona\u0142y moment na wspomnienia tego co za nami, szczeg\u00f3lnie mi\u0142o wspominamy pi\u0119kne i wzruszaj\u0105ce wydarzenia\u2026 \u201e W \u017cyciu chodzi o \u017bYCIE- &#8211; o to \u017cycie pisane wielk\u0105 liter\u0105\u2026.\u201dUczniowie naszej szko\u0142y: Emilia Paczuska<\/p>\n","protected":false},"author":1,"featured_media":596,"comment_status":"closed","ping_status":"closed","sticky":false,"template":"","format":"standard","meta":{"ngg_post_thumbnail":0,"_themeisle_gutenberg_block_has_review":false,"jetpack_post_was_ever_published":false,"_jetpack_newsletter_access":"","_jetpack_dont_email_post_to_subs":false,"_jetpack_newsletter_tier_id":0,"_jetpack_memberships_contains_paywalled_content":false,"_jetpack_memberships_contains_paid_content":false,"footnotes":"","jetpack_publicize_message":"","jetpack_publicize_feature_enabled":true,"jetpack_social_post_already_shared":true,"jetpack_social_options":{"image_generator_settings":{"template":"highway","default_image_id":0,"font":"","enabled":false},"version":2}},"categories":[65],"tags":[],"class_list":["post-7093","post","type-post","status-publish","format-standard","has-post-thumbnail","hentry","category-wydarzenia-artystyczne"],"jetpack_publicize_connections":[],"jetpack_featured_media_url":"https:\/\/i0.wp.com\/zsp.wegrow.pl\/wp-content\/uploads\/2019\/04\/ZSP_W%C4%99gr%C3%B3w_zima.jpg?fit=860%2C336&ssl=1","jetpack_sharing_enabled":true,"jetpack_shortlink":"https:\/\/wp.me\/paT2nI-1Qp","_links":{"self":[{"href":"https:\/\/zsp.wegrow.pl\/index.php\/wp-json\/wp\/v2\/posts\/7093","targetHints":{"allow":["GET"]}}],"collection":[{"href":"https:\/\/zsp.wegrow.pl\/index.php\/wp-json\/wp\/v2\/posts"}],"about":[{"href":"https:\/\/zsp.wegrow.pl\/index.php\/wp-json\/wp\/v2\/types\/post"}],"author":[{"embeddable":true,"href":"https:\/\/zsp.wegrow.pl\/index.php\/wp-json\/wp\/v2\/users\/1"}],"replies":[{"embeddable":true,"href":"https:\/\/zsp.wegrow.pl\/index.php\/wp-json\/wp\/v2\/comments?post=7093"}],"version-history":[{"count":2,"href":"https:\/\/zsp.wegrow.pl\/index.php\/wp-json\/wp\/v2\/posts\/7093\/revisions"}],"predecessor-version":[{"id":7097,"href":"https:\/\/zsp.wegrow.pl\/index.php\/wp-json\/wp\/v2\/posts\/7093\/revisions\/7097"}],"wp:featuredmedia":[{"embeddable":true,"href":"https:\/\/zsp.wegrow.pl\/index.php\/wp-json\/wp\/v2\/media\/596"}],"wp:attachment":[{"href":"https:\/\/zsp.wegrow.pl\/index.php\/wp-json\/wp\/v2\/media?parent=7093"}],"wp:term":[{"taxonomy":"category","embeddable":true,"href":"https:\/\/zsp.wegrow.pl\/index.php\/wp-json\/wp\/v2\/categories?post=7093"},{"taxonomy":"post_tag","embeddable":true,"href":"https:\/\/zsp.wegrow.pl\/index.php\/wp-json\/wp\/v2\/tags?post=7093"}],"curies":[{"name":"wp","href":"https:\/\/api.w.org\/{rel}","templated":true}]}}