{"id":7304,"date":"2022-02-28T20:42:00","date_gmt":"2022-02-28T19:42:00","guid":{"rendered":"https:\/\/zsp.wegrow.pl\/?p=7304"},"modified":"2022-12-06T10:59:48","modified_gmt":"2022-12-06T09:59:48","slug":"dzien-chorob-rzadkich","status":"publish","type":"post","link":"https:\/\/zsp.wegrow.pl\/index.php\/2022\/02\/28\/dzien-chorob-rzadkich\/","title":{"rendered":"Dzie\u0144 Chor\u00f3b Rzadkich"},"content":{"rendered":"\n<p class=\"has-text-align-justify\">28 lutego 2022 obchodzili\u015bmy DZIE\u0143 CHOR\u00d3B RZADKICH. Nauczyciele, wychowawcy w ramach spotka\u0144 z uczniami Technikum i Bran\u017cowej Szko\u0142y I Stopnia zrealizowali zadania w ramach wsp\u00f3\u0142pracy z SCWEW. Celem przeprowadzonej akcji by\u0142a popularyzacja wiedzy na temat chor\u00f3b rzadkich. Zaprezentowane informacje uczniom o chorobach rzadkich zwi\u0119kszy\u0142y tolerancj\u0119, zrozumienie i poszanowanie drugiego cz\u0142owieka niezale\u017cnie od jego dysfunkcji.<\/p>\n\n\n<div class=\"wp-block-image\">\n<figure class=\"aligncenter size-large\"><a href=\"https:\/\/i0.wp.com\/zsp.wegrow.pl\/wp-content\/uploads\/2022\/03\/DZIEN-CHOROB-RZADKICH-scaled.jpg?ssl=1\"><img data-recalc-dims=\"1\" fetchpriority=\"high\" decoding=\"async\" width=\"769\" height=\"1024\" src=\"https:\/\/i0.wp.com\/zsp.wegrow.pl\/wp-content\/uploads\/2022\/03\/DZIEN-CHOROB-RZADKICH-769x1024.jpg?resize=769%2C1024\" alt=\"\" class=\"wp-image-7305\" srcset=\"https:\/\/i0.wp.com\/zsp.wegrow.pl\/wp-content\/uploads\/2022\/03\/DZIEN-CHOROB-RZADKICH-scaled.jpg?resize=769%2C1024&amp;ssl=1 769w, https:\/\/i0.wp.com\/zsp.wegrow.pl\/wp-content\/uploads\/2022\/03\/DZIEN-CHOROB-RZADKICH-scaled.jpg?resize=225%2C300&amp;ssl=1 225w, https:\/\/i0.wp.com\/zsp.wegrow.pl\/wp-content\/uploads\/2022\/03\/DZIEN-CHOROB-RZADKICH-scaled.jpg?resize=113%2C150&amp;ssl=1 113w, https:\/\/i0.wp.com\/zsp.wegrow.pl\/wp-content\/uploads\/2022\/03\/DZIEN-CHOROB-RZADKICH-scaled.jpg?resize=768%2C1023&amp;ssl=1 768w, https:\/\/i0.wp.com\/zsp.wegrow.pl\/wp-content\/uploads\/2022\/03\/DZIEN-CHOROB-RZADKICH-scaled.jpg?resize=1154%2C1536&amp;ssl=1 1154w, https:\/\/i0.wp.com\/zsp.wegrow.pl\/wp-content\/uploads\/2022\/03\/DZIEN-CHOROB-RZADKICH-scaled.jpg?resize=1538%2C2048&amp;ssl=1 1538w, https:\/\/i0.wp.com\/zsp.wegrow.pl\/wp-content\/uploads\/2022\/03\/DZIEN-CHOROB-RZADKICH-scaled.jpg?resize=18%2C24&amp;ssl=1 18w, https:\/\/i0.wp.com\/zsp.wegrow.pl\/wp-content\/uploads\/2022\/03\/DZIEN-CHOROB-RZADKICH-scaled.jpg?resize=27%2C36&amp;ssl=1 27w, https:\/\/i0.wp.com\/zsp.wegrow.pl\/wp-content\/uploads\/2022\/03\/DZIEN-CHOROB-RZADKICH-scaled.jpg?resize=36%2C48&amp;ssl=1 36w, https:\/\/i0.wp.com\/zsp.wegrow.pl\/wp-content\/uploads\/2022\/03\/DZIEN-CHOROB-RZADKICH-scaled.jpg?w=1923&amp;ssl=1 1923w, https:\/\/i0.wp.com\/zsp.wegrow.pl\/wp-content\/uploads\/2022\/03\/DZIEN-CHOROB-RZADKICH-scaled.jpg?w=1680&amp;ssl=1 1680w\" sizes=\"(max-width: 769px) 100vw, 769px\" \/><\/a><\/figure>\n<\/div>","protected":false},"excerpt":{"rendered":"<p>28 lutego 2022 obchodzili\u015bmy DZIE\u0143 CHOR\u00d3B RZADKICH. Nauczyciele, wychowawcy w ramach spotka\u0144 z uczniami Technikum i Bran\u017cowej Szko\u0142y I Stopnia zrealizowali zadania w ramach wsp\u00f3\u0142pracy z SCWEW. Celem przeprowadzonej akcji by\u0142a popularyzacja wiedzy na temat<\/p>\n","protected":false},"author":1,"featured_media":7070,"comment_status":"closed","ping_status":"closed","sticky":false,"template":"","format":"standard","meta":{"ngg_post_thumbnail":0,"_themeisle_gutenberg_block_has_review":false,"jetpack_post_was_ever_published":false,"_jetpack_newsletter_access":"","_jetpack_dont_email_post_to_subs":false,"_jetpack_newsletter_tier_id":0,"_jetpack_memberships_contains_paywalled_content":false,"_jetpack_memberships_contains_paid_content":false,"footnotes":"","jetpack_publicize_message":"","jetpack_publicize_feature_enabled":true,"jetpack_social_post_already_shared":true,"jetpack_social_options":{"image_generator_settings":{"template":"highway","default_image_id":0,"font":"","enabled":false},"version":2}},"categories":[62],"tags":[],"class_list":["post-7304","post","type-post","status-publish","format-standard","has-post-thumbnail","hentry","category-scwew"],"jetpack_publicize_connections":[],"jetpack_featured_media_url":"https:\/\/i0.wp.com\/zsp.wegrow.pl\/wp-content\/uploads\/2021\/12\/projekt_o.jpg?fit=850%2C150&ssl=1","jetpack_sharing_enabled":true,"jetpack_shortlink":"https:\/\/wp.me\/paT2nI-1TO","_links":{"self":[{"href":"https:\/\/zsp.wegrow.pl\/index.php\/wp-json\/wp\/v2\/posts\/7304","targetHints":{"allow":["GET"]}}],"collection":[{"href":"https:\/\/zsp.wegrow.pl\/index.php\/wp-json\/wp\/v2\/posts"}],"about":[{"href":"https:\/\/zsp.wegrow.pl\/index.php\/wp-json\/wp\/v2\/types\/post"}],"author":[{"embeddable":true,"href":"https:\/\/zsp.wegrow.pl\/index.php\/wp-json\/wp\/v2\/users\/1"}],"replies":[{"embeddable":true,"href":"https:\/\/zsp.wegrow.pl\/index.php\/wp-json\/wp\/v2\/comments?post=7304"}],"version-history":[{"count":2,"href":"https:\/\/zsp.wegrow.pl\/index.php\/wp-json\/wp\/v2\/posts\/7304\/revisions"}],"predecessor-version":[{"id":7836,"href":"https:\/\/zsp.wegrow.pl\/index.php\/wp-json\/wp\/v2\/posts\/7304\/revisions\/7836"}],"wp:featuredmedia":[{"embeddable":true,"href":"https:\/\/zsp.wegrow.pl\/index.php\/wp-json\/wp\/v2\/media\/7070"}],"wp:attachment":[{"href":"https:\/\/zsp.wegrow.pl\/index.php\/wp-json\/wp\/v2\/media?parent=7304"}],"wp:term":[{"taxonomy":"category","embeddable":true,"href":"https:\/\/zsp.wegrow.pl\/index.php\/wp-json\/wp\/v2\/categories?post=7304"},{"taxonomy":"post_tag","embeddable":true,"href":"https:\/\/zsp.wegrow.pl\/index.php\/wp-json\/wp\/v2\/tags?post=7304"}],"curies":[{"name":"wp","href":"https:\/\/api.w.org\/{rel}","templated":true}]}}