{"id":7401,"date":"2022-03-22T08:41:26","date_gmt":"2022-03-22T07:41:26","guid":{"rendered":"https:\/\/zsp.wegrow.pl\/?p=7401"},"modified":"2022-12-06T11:03:27","modified_gmt":"2022-12-06T10:03:27","slug":"wsparcie-specjalistyczne-dla-ucznioww-ramach-wspolpracy-z-scwew","status":"publish","type":"post","link":"https:\/\/zsp.wegrow.pl\/index.php\/2022\/03\/22\/wsparcie-specjalistyczne-dla-ucznioww-ramach-wspolpracy-z-scwew\/","title":{"rendered":"Wsparcie specjalistyczne dla uczni\u00f3w w ramach wsp\u00f3\u0142pracy z SCWEW"},"content":{"rendered":"<div class=\"wp-block-image\">\n<figure class=\"aligncenter size-full\"><img data-recalc-dims=\"1\" fetchpriority=\"high\" decoding=\"async\" width=\"350\" height=\"240\" src=\"https:\/\/i0.wp.com\/zsp.wegrow.pl\/wp-content\/uploads\/2022\/03\/wsparcie-specjalistyczne-SCWEW.png?resize=350%2C240\" alt=\"\" class=\"wp-image-7402\" srcset=\"https:\/\/i0.wp.com\/zsp.wegrow.pl\/wp-content\/uploads\/2022\/03\/wsparcie-specjalistyczne-SCWEW.png?w=350&amp;ssl=1 350w, https:\/\/i0.wp.com\/zsp.wegrow.pl\/wp-content\/uploads\/2022\/03\/wsparcie-specjalistyczne-SCWEW.png?resize=300%2C206&amp;ssl=1 300w, https:\/\/i0.wp.com\/zsp.wegrow.pl\/wp-content\/uploads\/2022\/03\/wsparcie-specjalistyczne-SCWEW.png?resize=150%2C103&amp;ssl=1 150w, https:\/\/i0.wp.com\/zsp.wegrow.pl\/wp-content\/uploads\/2022\/03\/wsparcie-specjalistyczne-SCWEW.png?resize=24%2C16&amp;ssl=1 24w, https:\/\/i0.wp.com\/zsp.wegrow.pl\/wp-content\/uploads\/2022\/03\/wsparcie-specjalistyczne-SCWEW.png?resize=36%2C25&amp;ssl=1 36w, https:\/\/i0.wp.com\/zsp.wegrow.pl\/wp-content\/uploads\/2022\/03\/wsparcie-specjalistyczne-SCWEW.png?resize=48%2C33&amp;ssl=1 48w\" sizes=\"(max-width: 350px) 100vw, 350px\" \/><\/figure>\n<\/div>\n\n\n<p class=\"has-drop-cap has-text-align-justify\">W celu zwi\u0119kszenia efektywno\u015bci dzia\u0142a\u0144 na rzecz uczni\u00f3w ze zr\u00f3\u017cnicowanymi potrzebami i problemami wsp\u00f3\u0142praca z SCWEW umo\u017cliwia wsparcie specjalist\u00f3w zewn\u0119trznych. Wskazani przez Zesp\u00f3\u0142 Wychowawczy Szko\u0142y uczniowie otrzymali pomoc psychoterapeuty. W marcu 2022 r. odby\u0142y si\u0119 indywidualne spotkania terapeutyczne z potrzebuj\u0105cymi wsparcia uczniami. Zaj\u0119cia przeprowadzi\u0142a p. Jolanta Jagie\u0142\u0142o \u2013 psychoterapeuta. Z terapii w pierwszym terminie skorzysta\u0142o 6 uczni\u00f3w naszej szko\u0142y. Natomiast w drugim terminie na podstawie diagnozy psychoterapeuty kontynuacj\u0105 terapii obj\u0119to dwoje uczni\u00f3w. Dzia\u0142ania tego typu w ramach wsp\u00f3\u0142pracy z SCWEW s\u0105 du\u017cym wsparciem dla uczni\u00f3w, pomoc\u0105 dla pedagog\u00f3w i wychowawc\u00f3w a tak\u017ce rodzic\u00f3w. Edukacja w\u0142\u0105czaj\u0105ca bez wsparcia psychologicznego, szczeg\u00f3lnie po powrocie z nauki zdalnej jest znacznie utrudniona. Problemy uczni\u00f3w zwi\u0105zane z funkcjonowaniem w \u015brodowisku szkolnym s\u0105 nasilone. Brak etatu psychologa w szkole utrudnia sprawowanie pe\u0142nej opieki nad m\u0142odzie\u017c\u0105. Dzi\u0119ki wsp\u00f3\u0142pracy z SCWEW mogli\u015bmy zaoferowa\u0107 uczniom wsparcie specjalistyczne, kt\u00f3re powinno by\u0107 kontynuowane na bie\u017c\u0105co.<\/p>\n","protected":false},"excerpt":{"rendered":"<p>W celu zwi\u0119kszenia efektywno\u015bci dzia\u0142a\u0144 na rzecz uczni\u00f3w ze zr\u00f3\u017cnicowanymi potrzebami i problemami wsp\u00f3\u0142praca z SCWEW umo\u017cliwia wsparcie specjalist\u00f3w zewn\u0119trznych. Wskazani przez Zesp\u00f3\u0142 Wychowawczy Szko\u0142y uczniowie otrzymali pomoc psychoterapeuty. W marcu 2022 r. odby\u0142y si\u0119<\/p>\n","protected":false},"author":1,"featured_media":7070,"comment_status":"closed","ping_status":"closed","sticky":false,"template":"","format":"standard","meta":{"ngg_post_thumbnail":0,"_themeisle_gutenberg_block_has_review":false,"jetpack_post_was_ever_published":false,"_jetpack_newsletter_access":"","_jetpack_dont_email_post_to_subs":false,"_jetpack_newsletter_tier_id":0,"_jetpack_memberships_contains_paywalled_content":false,"_jetpack_memberships_contains_paid_content":false,"footnotes":"","jetpack_publicize_message":"","jetpack_publicize_feature_enabled":true,"jetpack_social_post_already_shared":true,"jetpack_social_options":{"image_generator_settings":{"template":"highway","default_image_id":0,"font":"","enabled":false},"version":2}},"categories":[62],"tags":[],"class_list":["post-7401","post","type-post","status-publish","format-standard","has-post-thumbnail","hentry","category-scwew"],"jetpack_publicize_connections":[],"jetpack_featured_media_url":"https:\/\/i0.wp.com\/zsp.wegrow.pl\/wp-content\/uploads\/2021\/12\/projekt_o.jpg?fit=850%2C150&ssl=1","jetpack_sharing_enabled":true,"jetpack_shortlink":"https:\/\/wp.me\/paT2nI-1Vn","_links":{"self":[{"href":"https:\/\/zsp.wegrow.pl\/index.php\/wp-json\/wp\/v2\/posts\/7401","targetHints":{"allow":["GET"]}}],"collection":[{"href":"https:\/\/zsp.wegrow.pl\/index.php\/wp-json\/wp\/v2\/posts"}],"about":[{"href":"https:\/\/zsp.wegrow.pl\/index.php\/wp-json\/wp\/v2\/types\/post"}],"author":[{"embeddable":true,"href":"https:\/\/zsp.wegrow.pl\/index.php\/wp-json\/wp\/v2\/users\/1"}],"replies":[{"embeddable":true,"href":"https:\/\/zsp.wegrow.pl\/index.php\/wp-json\/wp\/v2\/comments?post=7401"}],"version-history":[{"count":3,"href":"https:\/\/zsp.wegrow.pl\/index.php\/wp-json\/wp\/v2\/posts\/7401\/revisions"}],"predecessor-version":[{"id":7835,"href":"https:\/\/zsp.wegrow.pl\/index.php\/wp-json\/wp\/v2\/posts\/7401\/revisions\/7835"}],"wp:featuredmedia":[{"embeddable":true,"href":"https:\/\/zsp.wegrow.pl\/index.php\/wp-json\/wp\/v2\/media\/7070"}],"wp:attachment":[{"href":"https:\/\/zsp.wegrow.pl\/index.php\/wp-json\/wp\/v2\/media?parent=7401"}],"wp:term":[{"taxonomy":"category","embeddable":true,"href":"https:\/\/zsp.wegrow.pl\/index.php\/wp-json\/wp\/v2\/categories?post=7401"},{"taxonomy":"post_tag","embeddable":true,"href":"https:\/\/zsp.wegrow.pl\/index.php\/wp-json\/wp\/v2\/tags?post=7401"}],"curies":[{"name":"wp","href":"https:\/\/api.w.org\/{rel}","templated":true}]}}