{"id":7408,"date":"2022-03-22T08:56:20","date_gmt":"2022-03-22T07:56:20","guid":{"rendered":"https:\/\/zsp.wegrow.pl\/?p=7408"},"modified":"2022-12-06T11:03:34","modified_gmt":"2022-12-06T10:03:34","slug":"21-marca-swiatowy-dzien-zespolu-downa","status":"publish","type":"post","link":"https:\/\/zsp.wegrow.pl\/index.php\/2022\/03\/22\/21-marca-swiatowy-dzien-zespolu-downa\/","title":{"rendered":"21 marca &#8211; \u015awiatowy Dzie\u0144 Zespo\u0142u Downa"},"content":{"rendered":"\n<p class=\"has-drop-cap has-text-align-justify\">Manifestuj\u0105c odr\u0119bno\u015b\u0107, z kt\u00f3rej poczuciem na co dzie\u0144 zmagaj\u0105 si\u0119 osoby z Zespo\u0142em Downa &#8222;w tym dniu zak\u0142adamy skarpetki nie do pary&#8221;. Uczniowie naszej szko\u0142y tym gestem zaakcentowali obchody \u015awiatowego Dnia Zespo\u0142u Downa, dali\u015bmy tym samym wyraz zrozumienia dla ludzi, kt\u00f3rych natura wyposa\u017cy\u0142a w dodatkow\u0105 informacj\u0119 genetyczn\u0105, co uczyni\u0142o ich odmiennymi.<\/p>\n\n\n<div class=\"wp-block-image\">\n<figure class=\"aligncenter size-large\"><a href=\"https:\/\/i0.wp.com\/zsp.wegrow.pl\/wp-content\/uploads\/2022\/03\/dzien%CC%81-kolorowej-skarpetki-scaled.jpg?ssl=1\"><img data-recalc-dims=\"1\" fetchpriority=\"high\" decoding=\"async\" width=\"512\" height=\"1024\" src=\"https:\/\/i0.wp.com\/zsp.wegrow.pl\/wp-content\/uploads\/2022\/03\/dzien%CC%81-kolorowej-skarpetki-512x1024.jpg?resize=512%2C1024\" alt=\"\" class=\"wp-image-7409\" srcset=\"https:\/\/i0.wp.com\/zsp.wegrow.pl\/wp-content\/uploads\/2022\/03\/dzien%CC%81-kolorowej-skarpetki-scaled.jpg?resize=512%2C1024&amp;ssl=1 512w, https:\/\/i0.wp.com\/zsp.wegrow.pl\/wp-content\/uploads\/2022\/03\/dzien%CC%81-kolorowej-skarpetki-scaled.jpg?resize=150%2C300&amp;ssl=1 150w, https:\/\/i0.wp.com\/zsp.wegrow.pl\/wp-content\/uploads\/2022\/03\/dzien%CC%81-kolorowej-skarpetki-scaled.jpg?resize=75%2C150&amp;ssl=1 75w, https:\/\/i0.wp.com\/zsp.wegrow.pl\/wp-content\/uploads\/2022\/03\/dzien%CC%81-kolorowej-skarpetki-scaled.jpg?resize=768%2C1536&amp;ssl=1 768w, https:\/\/i0.wp.com\/zsp.wegrow.pl\/wp-content\/uploads\/2022\/03\/dzien%CC%81-kolorowej-skarpetki-scaled.jpg?resize=1024%2C2048&amp;ssl=1 1024w, https:\/\/i0.wp.com\/zsp.wegrow.pl\/wp-content\/uploads\/2022\/03\/dzien%CC%81-kolorowej-skarpetki-scaled.jpg?resize=12%2C24&amp;ssl=1 12w, https:\/\/i0.wp.com\/zsp.wegrow.pl\/wp-content\/uploads\/2022\/03\/dzien%CC%81-kolorowej-skarpetki-scaled.jpg?resize=18%2C36&amp;ssl=1 18w, https:\/\/i0.wp.com\/zsp.wegrow.pl\/wp-content\/uploads\/2022\/03\/dzien%CC%81-kolorowej-skarpetki-scaled.jpg?resize=24%2C48&amp;ssl=1 24w, https:\/\/i0.wp.com\/zsp.wegrow.pl\/wp-content\/uploads\/2022\/03\/dzien%CC%81-kolorowej-skarpetki-scaled.jpg?w=1280&amp;ssl=1 1280w\" sizes=\"(max-width: 512px) 100vw, 512px\" \/><\/a><figcaption>dav<\/figcaption><\/figure>\n<\/div>","protected":false},"excerpt":{"rendered":"<p>Manifestuj\u0105c odr\u0119bno\u015b\u0107, z kt\u00f3rej poczuciem na co dzie\u0144 zmagaj\u0105 si\u0119 osoby z Zespo\u0142em Downa &#8222;w tym dniu zak\u0142adamy skarpetki nie do pary&#8221;. Uczniowie naszej szko\u0142y tym gestem zaakcentowali obchody \u015awiatowego Dnia Zespo\u0142u Downa, dali\u015bmy tym<\/p>\n","protected":false},"author":1,"featured_media":7070,"comment_status":"closed","ping_status":"closed","sticky":false,"template":"","format":"standard","meta":{"ngg_post_thumbnail":0,"_themeisle_gutenberg_block_has_review":false,"jetpack_post_was_ever_published":false,"_jetpack_newsletter_access":"","_jetpack_dont_email_post_to_subs":false,"_jetpack_newsletter_tier_id":0,"_jetpack_memberships_contains_paywalled_content":false,"_jetpack_memberships_contains_paid_content":false,"footnotes":"","jetpack_publicize_message":"","jetpack_publicize_feature_enabled":true,"jetpack_social_post_already_shared":true,"jetpack_social_options":{"image_generator_settings":{"template":"highway","default_image_id":0,"font":"","enabled":false},"version":2}},"categories":[62],"tags":[],"class_list":["post-7408","post","type-post","status-publish","format-standard","has-post-thumbnail","hentry","category-scwew"],"jetpack_publicize_connections":[],"jetpack_featured_media_url":"https:\/\/i0.wp.com\/zsp.wegrow.pl\/wp-content\/uploads\/2021\/12\/projekt_o.jpg?fit=850%2C150&ssl=1","jetpack_sharing_enabled":true,"jetpack_shortlink":"https:\/\/wp.me\/paT2nI-1Vu","_links":{"self":[{"href":"https:\/\/zsp.wegrow.pl\/index.php\/wp-json\/wp\/v2\/posts\/7408","targetHints":{"allow":["GET"]}}],"collection":[{"href":"https:\/\/zsp.wegrow.pl\/index.php\/wp-json\/wp\/v2\/posts"}],"about":[{"href":"https:\/\/zsp.wegrow.pl\/index.php\/wp-json\/wp\/v2\/types\/post"}],"author":[{"embeddable":true,"href":"https:\/\/zsp.wegrow.pl\/index.php\/wp-json\/wp\/v2\/users\/1"}],"replies":[{"embeddable":true,"href":"https:\/\/zsp.wegrow.pl\/index.php\/wp-json\/wp\/v2\/comments?post=7408"}],"version-history":[{"count":2,"href":"https:\/\/zsp.wegrow.pl\/index.php\/wp-json\/wp\/v2\/posts\/7408\/revisions"}],"predecessor-version":[{"id":7834,"href":"https:\/\/zsp.wegrow.pl\/index.php\/wp-json\/wp\/v2\/posts\/7408\/revisions\/7834"}],"wp:featuredmedia":[{"embeddable":true,"href":"https:\/\/zsp.wegrow.pl\/index.php\/wp-json\/wp\/v2\/media\/7070"}],"wp:attachment":[{"href":"https:\/\/zsp.wegrow.pl\/index.php\/wp-json\/wp\/v2\/media?parent=7408"}],"wp:term":[{"taxonomy":"category","embeddable":true,"href":"https:\/\/zsp.wegrow.pl\/index.php\/wp-json\/wp\/v2\/categories?post=7408"},{"taxonomy":"post_tag","embeddable":true,"href":"https:\/\/zsp.wegrow.pl\/index.php\/wp-json\/wp\/v2\/tags?post=7408"}],"curies":[{"name":"wp","href":"https:\/\/api.w.org\/{rel}","templated":true}]}}