{"id":7521,"date":"2022-04-19T20:47:44","date_gmt":"2022-04-19T18:47:44","guid":{"rendered":"https:\/\/zsp.wegrow.pl\/?p=7521"},"modified":"2022-12-06T11:07:06","modified_gmt":"2022-12-06T10:07:06","slug":"79-rocznica-powstania-w-getcie-warszawskim","status":"publish","type":"post","link":"https:\/\/zsp.wegrow.pl\/index.php\/2022\/04\/19\/79-rocznica-powstania-w-getcie-warszawskim\/","title":{"rendered":"79 rocznica powstania w getcie warszawskim"},"content":{"rendered":"\n<p class=\"has-text-align-justify\">19 kwietnia 1943 r. \u2013 79 lat temu \u2013 wybuch\u0142o powstanie w getcie warszawskim. By\u0142 to pierwszy w okupowanej Europie miejski zryw przeciw Niemcom, akt o charakterze symbolicznym, zwa\u017cywszy na nik\u0142e szanse powodzenia. \u201ePodczas II wojny \u015awiatowej Niemcy starali si\u0119 wymordowa\u0107 ca\u0142\u0105 spo\u0142eczno\u015b\u0107 \u017cydowsk\u0105 w okupowanej przez siebie Europie. Powsta\u0144cy nie mogli mie\u0107 nadziei na zwyci\u0119stwo, ale woleli wybra\u0107 \u015bmier\u0107 z broni\u0105 w r\u0119ku. Walki trwa\u0142y niespe\u0142na miesi\u0105c, a ich tragicznym zako\u0144czeniem by\u0142o wysadzenie 16 maja 1943 r. przez Niemc\u00f3w Wielkiej Synagogi znajduj\u0105cej si\u0119 w Warszawie, przy placu T\u0142omackie. Podczas II wojny \u015bwiatowej to w\u0142a\u015bnie powstanie kwietniowe by\u0142o najwi\u0119kszym zbrojnym zrywem \u017byd\u00f3w. By\u0142o to tak\u017ce pierwsze powstanie miejskie w okupowanej Europie.<\/p>\n\n\n\n<div class=\"wp-block-image\"><figure class=\"aligncenter size-full\"><a href=\"https:\/\/i0.wp.com\/zsp.wegrow.pl\/wp-content\/uploads\/2022\/04\/01-5.jpg?ssl=1\"><img data-recalc-dims=\"1\" fetchpriority=\"high\" decoding=\"async\" width=\"695\" height=\"590\" src=\"https:\/\/i0.wp.com\/zsp.wegrow.pl\/wp-content\/uploads\/2022\/04\/01-5.jpg?resize=695%2C590\" alt=\"\" class=\"wp-image-7522\" srcset=\"https:\/\/i0.wp.com\/zsp.wegrow.pl\/wp-content\/uploads\/2022\/04\/01-5.jpg?w=695&amp;ssl=1 695w, https:\/\/i0.wp.com\/zsp.wegrow.pl\/wp-content\/uploads\/2022\/04\/01-5.jpg?resize=300%2C255&amp;ssl=1 300w, https:\/\/i0.wp.com\/zsp.wegrow.pl\/wp-content\/uploads\/2022\/04\/01-5.jpg?resize=150%2C127&amp;ssl=1 150w, https:\/\/i0.wp.com\/zsp.wegrow.pl\/wp-content\/uploads\/2022\/04\/01-5.jpg?resize=24%2C20&amp;ssl=1 24w, https:\/\/i0.wp.com\/zsp.wegrow.pl\/wp-content\/uploads\/2022\/04\/01-5.jpg?resize=36%2C31&amp;ssl=1 36w, https:\/\/i0.wp.com\/zsp.wegrow.pl\/wp-content\/uploads\/2022\/04\/01-5.jpg?resize=48%2C41&amp;ssl=1 48w\" sizes=\"(max-width: 695px) 100vw, 695px\" \/><\/a><\/figure><\/div>\n","protected":false},"excerpt":{"rendered":"<p>19 kwietnia 1943 r. \u2013 79 lat temu \u2013 wybuch\u0142o powstanie w getcie warszawskim. By\u0142 to pierwszy w okupowanej Europie miejski zryw przeciw Niemcom, akt o charakterze symbolicznym, zwa\u017cywszy na nik\u0142e szanse powodzenia. \u201ePodczas II<\/p>\n","protected":false},"author":1,"featured_media":7523,"comment_status":"closed","ping_status":"closed","sticky":false,"template":"","format":"standard","meta":{"ngg_post_thumbnail":0,"_themeisle_gutenberg_block_has_review":false,"jetpack_post_was_ever_published":false,"_jetpack_newsletter_access":"","_jetpack_dont_email_post_to_subs":false,"_jetpack_newsletter_tier_id":0,"_jetpack_memberships_contains_paywalled_content":false,"_jetpack_memberships_contains_paid_content":false,"footnotes":"","jetpack_publicize_message":"","jetpack_publicize_feature_enabled":true,"jetpack_social_post_already_shared":true,"jetpack_social_options":{"image_generator_settings":{"template":"highway","default_image_id":0,"font":"","enabled":false},"version":2}},"categories":[53],"tags":[],"class_list":["post-7521","post","type-post","status-publish","format-standard","has-post-thumbnail","hentry","category-rocznice"],"jetpack_publicize_connections":[],"jetpack_featured_media_url":"https:\/\/i0.wp.com\/zsp.wegrow.pl\/wp-content\/uploads\/2022\/04\/79-rocznica-wybuchu-powstania-w-getcie-warszawskim.jpg?fit=850%2C359&ssl=1","jetpack_sharing_enabled":true,"jetpack_shortlink":"https:\/\/wp.me\/paT2nI-1Xj","_links":{"self":[{"href":"https:\/\/zsp.wegrow.pl\/index.php\/wp-json\/wp\/v2\/posts\/7521","targetHints":{"allow":["GET"]}}],"collection":[{"href":"https:\/\/zsp.wegrow.pl\/index.php\/wp-json\/wp\/v2\/posts"}],"about":[{"href":"https:\/\/zsp.wegrow.pl\/index.php\/wp-json\/wp\/v2\/types\/post"}],"author":[{"embeddable":true,"href":"https:\/\/zsp.wegrow.pl\/index.php\/wp-json\/wp\/v2\/users\/1"}],"replies":[{"embeddable":true,"href":"https:\/\/zsp.wegrow.pl\/index.php\/wp-json\/wp\/v2\/comments?post=7521"}],"version-history":[{"count":1,"href":"https:\/\/zsp.wegrow.pl\/index.php\/wp-json\/wp\/v2\/posts\/7521\/revisions"}],"predecessor-version":[{"id":7524,"href":"https:\/\/zsp.wegrow.pl\/index.php\/wp-json\/wp\/v2\/posts\/7521\/revisions\/7524"}],"wp:featuredmedia":[{"embeddable":true,"href":"https:\/\/zsp.wegrow.pl\/index.php\/wp-json\/wp\/v2\/media\/7523"}],"wp:attachment":[{"href":"https:\/\/zsp.wegrow.pl\/index.php\/wp-json\/wp\/v2\/media?parent=7521"}],"wp:term":[{"taxonomy":"category","embeddable":true,"href":"https:\/\/zsp.wegrow.pl\/index.php\/wp-json\/wp\/v2\/categories?post=7521"},{"taxonomy":"post_tag","embeddable":true,"href":"https:\/\/zsp.wegrow.pl\/index.php\/wp-json\/wp\/v2\/tags?post=7521"}],"curies":[{"name":"wp","href":"https:\/\/api.w.org\/{rel}","templated":true}]}}