{"id":7810,"date":"2022-06-12T20:28:00","date_gmt":"2022-06-12T18:28:00","guid":{"rendered":"https:\/\/zsp.wegrow.pl\/?p=7810"},"modified":"2022-12-06T11:13:04","modified_gmt":"2022-12-06T10:13:04","slug":"dni-powiatu-wegrowskiego-11-czerwca-2022","status":"publish","type":"post","link":"https:\/\/zsp.wegrow.pl\/index.php\/2022\/06\/12\/dni-powiatu-wegrowskiego-11-czerwca-2022\/","title":{"rendered":"DNI POWIATU W\u0118GROWSKIEGO &#8211; 11 CZERWCA 2022"},"content":{"rendered":"\n<p class=\"has-drop-cap has-text-align-justify\">Jednym z punkt\u00f3w uroczysto\u015bci by\u0142 przegl\u0105d dorobku artystycznego szk\u00f3\u0142 prowadzonych przez Powiat W\u0119growski. Uczniowie II Liceum i Technikum Zespo\u0142u Szk\u00f3\u0142 Ponadpodstawowych im. Jana Kochanowskiego w W\u0119growie zaprezentowali program muzyczno-wokalny. Wyst\u0105pili w czterech utworach r\u00f3\u017cnych gatunk\u00f3w muzycznych z repertuaru polskich wykonawc\u00f3w:<\/p>\n\n\n\n<ol class=\"wp-block-list\"><li>&#8222;Wie\u017ca Babel&#8221; z albumu METRO<\/li><li>&#8222;Dni, kt\u00f3rych nie znamy&#8221; z repertuaru Marka Grechuty<\/li><li>&#8222;Tyle s\u0142o\u0144ca w ca\u0142ym mie\u015bcie&#8221; z repertuaru Anny Jantar<\/li><li>&#8222;W moim ogr\u00f3deczku&#8221; polska piosenka ludowa<\/li><\/ol>\n\n\n\n<p class=\"has-text-align-justify\">Podk\u0142ad muzyczny do utwor\u00f3w wzbogacony by\u0142 gr\u0105 na akordeonie w wykonaniu ucznia pierwszej klasy naszego Technikum. Wyst\u0119p zosta\u0142 nagrodzony przez publiczno\u015b\u0107 brawami i okrzykami zachwytu. Instruktorem muzycznym i wokalnym zespo\u0142u jest pani Natalia Dymecka, nauczycielka muzyki w naszej szkole.<\/p>\n\n\n\n<p>BRAWA DLA NASZYCH UCZNI\u00d3W !!!<\/p>\n\n\n\n<p>2LOom<br>&#8211; Izabela Iwa\u0144ska<br>&#8211; Ewelina Paderewska<br>&#8211; Aleksandra Przywo\u017cna<\/p>\n\n\n\n<p>2ek<br>&#8211; And\u017celika Pawlak<br>&#8211; Wiktoria Wronka<\/p>\n\n\n\n<p>2i<br>&#8211; Marta Gawor<\/p>\n\n\n\n<p>3ek<br>&#8211; Gabriela Ma\u0142kowska<br>&#8211; Katarzyna Kalinowska<\/p>\n\n\n\n<p>1ek<br>&#8211; Kinga Malinowska<br>&#8211; Natalia Pikulska<br>-Klaudia Bu\u015bko<br>&#8211; Lidia Kocon<\/p>\n\n\n\n<p>1em<br>&#8211; Adrian Kowalczyk<br>&#8211; Patryk Niszcz<\/p>\n\n\n\n<p>DZI\u0118KUJEMY WAM ZA GODNE REPREZENTOWANIE NASZEJ SZKO\u0141Y.<\/p>\n\n\n\n<figure class=\"wp-block-gallery has-nested-images columns-1 is-cropped wp-block-gallery-1 is-layout-flex wp-block-gallery-is-layout-flex\">\n<figure class=\"wp-block-image size-large\"><a href=\"https:\/\/i0.wp.com\/zsp.wegrow.pl\/wp-content\/uploads\/2022\/06\/01-3.jpeg?ssl=1\"><img data-recalc-dims=\"1\" fetchpriority=\"high\" decoding=\"async\" width=\"840\" height=\"420\" data-id=\"7811\" src=\"https:\/\/i0.wp.com\/zsp.wegrow.pl\/wp-content\/uploads\/2022\/06\/01-3.jpeg?resize=840%2C420\" alt=\"\" class=\"wp-image-7811\" srcset=\"https:\/\/i0.wp.com\/zsp.wegrow.pl\/wp-content\/uploads\/2022\/06\/01-3.jpeg?w=2048&amp;ssl=1 2048w, https:\/\/i0.wp.com\/zsp.wegrow.pl\/wp-content\/uploads\/2022\/06\/01-3.jpeg?resize=300%2C150&amp;ssl=1 300w, https:\/\/i0.wp.com\/zsp.wegrow.pl\/wp-content\/uploads\/2022\/06\/01-3.jpeg?resize=1024%2C512&amp;ssl=1 1024w, https:\/\/i0.wp.com\/zsp.wegrow.pl\/wp-content\/uploads\/2022\/06\/01-3.jpeg?resize=150%2C75&amp;ssl=1 150w, https:\/\/i0.wp.com\/zsp.wegrow.pl\/wp-content\/uploads\/2022\/06\/01-3.jpeg?resize=768%2C384&amp;ssl=1 768w, https:\/\/i0.wp.com\/zsp.wegrow.pl\/wp-content\/uploads\/2022\/06\/01-3.jpeg?resize=1536%2C768&amp;ssl=1 1536w, https:\/\/i0.wp.com\/zsp.wegrow.pl\/wp-content\/uploads\/2022\/06\/01-3.jpeg?resize=1200%2C600&amp;ssl=1 1200w, https:\/\/i0.wp.com\/zsp.wegrow.pl\/wp-content\/uploads\/2022\/06\/01-3.jpeg?resize=24%2C12&amp;ssl=1 24w, https:\/\/i0.wp.com\/zsp.wegrow.pl\/wp-content\/uploads\/2022\/06\/01-3.jpeg?resize=36%2C18&amp;ssl=1 36w, https:\/\/i0.wp.com\/zsp.wegrow.pl\/wp-content\/uploads\/2022\/06\/01-3.jpeg?resize=48%2C24&amp;ssl=1 48w, https:\/\/i0.wp.com\/zsp.wegrow.pl\/wp-content\/uploads\/2022\/06\/01-3.jpeg?w=1680&amp;ssl=1 1680w\" sizes=\"(max-width: 840px) 100vw, 840px\" \/><\/a><\/figure>\n\n\n\n<figure class=\"wp-block-image size-large\"><a href=\"https:\/\/i0.wp.com\/zsp.wegrow.pl\/wp-content\/uploads\/2022\/06\/02-3.jpeg?ssl=1\"><img data-recalc-dims=\"1\" decoding=\"async\" width=\"840\" height=\"420\" data-id=\"7812\" src=\"https:\/\/i0.wp.com\/zsp.wegrow.pl\/wp-content\/uploads\/2022\/06\/02-3.jpeg?resize=840%2C420\" alt=\"\" class=\"wp-image-7812\" srcset=\"https:\/\/i0.wp.com\/zsp.wegrow.pl\/wp-content\/uploads\/2022\/06\/02-3.jpeg?w=2048&amp;ssl=1 2048w, https:\/\/i0.wp.com\/zsp.wegrow.pl\/wp-content\/uploads\/2022\/06\/02-3.jpeg?resize=300%2C150&amp;ssl=1 300w, https:\/\/i0.wp.com\/zsp.wegrow.pl\/wp-content\/uploads\/2022\/06\/02-3.jpeg?resize=1024%2C512&amp;ssl=1 1024w, https:\/\/i0.wp.com\/zsp.wegrow.pl\/wp-content\/uploads\/2022\/06\/02-3.jpeg?resize=150%2C75&amp;ssl=1 150w, https:\/\/i0.wp.com\/zsp.wegrow.pl\/wp-content\/uploads\/2022\/06\/02-3.jpeg?resize=768%2C384&amp;ssl=1 768w, https:\/\/i0.wp.com\/zsp.wegrow.pl\/wp-content\/uploads\/2022\/06\/02-3.jpeg?resize=1536%2C768&amp;ssl=1 1536w, https:\/\/i0.wp.com\/zsp.wegrow.pl\/wp-content\/uploads\/2022\/06\/02-3.jpeg?resize=1200%2C600&amp;ssl=1 1200w, https:\/\/i0.wp.com\/zsp.wegrow.pl\/wp-content\/uploads\/2022\/06\/02-3.jpeg?resize=24%2C12&amp;ssl=1 24w, https:\/\/i0.wp.com\/zsp.wegrow.pl\/wp-content\/uploads\/2022\/06\/02-3.jpeg?resize=36%2C18&amp;ssl=1 36w, https:\/\/i0.wp.com\/zsp.wegrow.pl\/wp-content\/uploads\/2022\/06\/02-3.jpeg?resize=48%2C24&amp;ssl=1 48w, https:\/\/i0.wp.com\/zsp.wegrow.pl\/wp-content\/uploads\/2022\/06\/02-3.jpeg?w=1680&amp;ssl=1 1680w\" sizes=\"(max-width: 840px) 100vw, 840px\" \/><\/a><\/figure>\n<\/figure>\n","protected":false},"excerpt":{"rendered":"<p>Jednym z punkt\u00f3w uroczysto\u015bci by\u0142 przegl\u0105d dorobku artystycznego szk\u00f3\u0142 prowadzonych przez Powiat W\u0119growski. Uczniowie II Liceum i Technikum Zespo\u0142u Szk\u00f3\u0142 Ponadpodstawowych im. Jana Kochanowskiego w W\u0119growie zaprezentowali program muzyczno-wokalny. Wyst\u0105pili w czterech utworach r\u00f3\u017cnych gatunk\u00f3w<\/p>\n","protected":false},"author":1,"featured_media":7813,"comment_status":"closed","ping_status":"closed","sticky":false,"template":"","format":"standard","meta":{"ngg_post_thumbnail":0,"_themeisle_gutenberg_block_has_review":false,"jetpack_post_was_ever_published":false,"_jetpack_newsletter_access":"","_jetpack_dont_email_post_to_subs":false,"_jetpack_newsletter_tier_id":0,"_jetpack_memberships_contains_paywalled_content":false,"_jetpack_memberships_contains_paid_content":false,"footnotes":"","jetpack_publicize_message":"","jetpack_publicize_feature_enabled":true,"jetpack_social_post_already_shared":true,"jetpack_social_options":{"image_generator_settings":{"template":"highway","default_image_id":0,"font":"","enabled":false},"version":2}},"categories":[65],"tags":[],"class_list":["post-7810","post","type-post","status-publish","format-standard","has-post-thumbnail","hentry","category-wydarzenia-artystyczne"],"jetpack_publicize_connections":[],"jetpack_featured_media_url":"https:\/\/i0.wp.com\/zsp.wegrow.pl\/wp-content\/uploads\/2022\/06\/dni-powiatu-we%CC%A8growskiego.jpg?fit=850%2C300&ssl=1","jetpack_sharing_enabled":true,"jetpack_shortlink":"https:\/\/wp.me\/paT2nI-21Y","_links":{"self":[{"href":"https:\/\/zsp.wegrow.pl\/index.php\/wp-json\/wp\/v2\/posts\/7810","targetHints":{"allow":["GET"]}}],"collection":[{"href":"https:\/\/zsp.wegrow.pl\/index.php\/wp-json\/wp\/v2\/posts"}],"about":[{"href":"https:\/\/zsp.wegrow.pl\/index.php\/wp-json\/wp\/v2\/types\/post"}],"author":[{"embeddable":true,"href":"https:\/\/zsp.wegrow.pl\/index.php\/wp-json\/wp\/v2\/users\/1"}],"replies":[{"embeddable":true,"href":"https:\/\/zsp.wegrow.pl\/index.php\/wp-json\/wp\/v2\/comments?post=7810"}],"version-history":[{"count":1,"href":"https:\/\/zsp.wegrow.pl\/index.php\/wp-json\/wp\/v2\/posts\/7810\/revisions"}],"predecessor-version":[{"id":7814,"href":"https:\/\/zsp.wegrow.pl\/index.php\/wp-json\/wp\/v2\/posts\/7810\/revisions\/7814"}],"wp:featuredmedia":[{"embeddable":true,"href":"https:\/\/zsp.wegrow.pl\/index.php\/wp-json\/wp\/v2\/media\/7813"}],"wp:attachment":[{"href":"https:\/\/zsp.wegrow.pl\/index.php\/wp-json\/wp\/v2\/media?parent=7810"}],"wp:term":[{"taxonomy":"category","embeddable":true,"href":"https:\/\/zsp.wegrow.pl\/index.php\/wp-json\/wp\/v2\/categories?post=7810"},{"taxonomy":"post_tag","embeddable":true,"href":"https:\/\/zsp.wegrow.pl\/index.php\/wp-json\/wp\/v2\/tags?post=7810"}],"curies":[{"name":"wp","href":"https:\/\/api.w.org\/{rel}","templated":true}]}}