{"id":8459,"date":"2022-10-18T12:17:15","date_gmt":"2022-10-18T10:17:15","guid":{"rendered":"https:\/\/zsp.wegrow.pl\/?p=8459"},"modified":"2022-12-06T11:17:55","modified_gmt":"2022-12-06T10:17:55","slug":"spotkanie-z-funkcjonariuszami-sluzby-wieziennej","status":"publish","type":"post","link":"https:\/\/zsp.wegrow.pl\/index.php\/2022\/10\/18\/spotkanie-z-funkcjonariuszami-sluzby-wieziennej\/","title":{"rendered":"Spotkanie z funkcjonariuszami S\u0142u\u017cby Wi\u0119ziennej"},"content":{"rendered":"\n<p class=\"has-text-align-justify\">Uczniowie klasy mundurowej II Liceum Og\u00f3lnokszta\u0142c\u0105cego w Zespole Szk\u00f3\u0142 Ponadpodstawowych im. Jana Kochanowskiego w W\u0119growie poznawali specyfik\u0119 s\u0142u\u017cby w S\u0142u\u017cbie Wi\u0119ziennej<br>17 pa\u017adziernika 2022 roku uczniowie drugiej klasy LO o profilu s\u0142u\u017cb mundurowych udali si\u0119 wraz z opiekunami: p. Edyt\u0105 Kozie\u0142 \u2013 wychowawc\u0105 klasy, p. Anet\u0105 Rosochack\u0105 &#8211; wicedyrektorem i p. Jackiem Nowotniakiem \u2013 dyrektorem szko\u0142y na wycieczk\u0119 do Zak\u0142adu Karnego w Siedlcach.<br>Spotkanie z funkcjonariuszami S\u0142u\u017cby Wi\u0119ziennej na terenie Zak\u0142adu Karnego w Siedlcach mia\u0142o na celu zapoznanie uczni\u00f3w ze struktur\u0105, zadaniami i misj\u0105 S\u0142u\u017cby Wi\u0119ziennej oraz zaprezentowanie formacji mundurowej jako atrakcyjnego pracodawcy. Podkre\u015bli\u0107 nale\u017cy, \u017ce spotkanie mia\u0142o tak\u017ce wymiar edukacyjno-prewencyjny. Tego rodzaju inicjatywa podnosi \u015bwiadomo\u015b\u0107 prawn\u0105 uczni\u00f3w, a rozmowy dotycz\u0105ce negatywnych konsekwencji zachowa\u0144 ryzykownych nios\u0105 ze sob\u0105 warto\u015b\u0107 profilaktyczn\u0105 \u2013 ku przestrodze.<br>Dzi\u0119ki wizycie w jednostce penitencjarnej m\u0142odzie\u017c u\u015bwiadomi\u0142a sobie, \u017ce rola S\u0142u\u017cby Wi\u0119ziennej to nie tylko ochrona spo\u0142ecze\u0144stwa przed sprawcami przest\u0119pstw, ale tak\u017ce praca resocjalizacyjna ukierunkowana na redukcj\u0119 deficyt\u00f3w i wyrabianie pozytywnych nawyk\u00f3w, co zwi\u0119ksza szans\u0119 na pomy\u015bln\u0105 readaptacj\u0119 spo\u0142eczn\u0105.<br>Dla uczni\u00f3w to by\u0142a najlepsza okazja by z bliska poobserwowa\u0107 realizacj\u0119 codziennych zada\u0144 s\u0142u\u017cbowych przez funkcjonariuszy S\u0142u\u017cby Wi\u0119ziennej. W trakcie zaj\u0119\u0107 m\u0142odzie\u017c pozna\u0142a zasady rekrutacji do S\u0142u\u017cby Wi\u0119ziennej.<br>Nauka w klasie mundurowej pozwala uczniom Naszej szko\u0142y pozna\u0107 zasady pracy funkcjonariuszy r\u00f3\u017cnych s\u0142u\u017cb mundurowych w Polsce.<br>Wizyta w Zak\u0142adzie Karnym w Siedlcach by\u0142a r\u00f3wnie\u017c doskona\u0142\u0105 okazj\u0105 do spotkania dyrekcji Zesp\u00f3\u0142 Szk\u00f3\u0142 Ponadpodstawowych im. Jana Kochanowskiego w W\u0119growie z dyrekcj\u0105 Zak\u0142adu Karnego w Siedlcach i om\u00f3wienia form i zasad dalszej wsp\u00f3\u0142pracy mi\u0119dzy instytucjami.<br>\u017br\u00f3d\u0142o: <a href=\"https:\/\/sw.gov.pl\/aktualnosc\/zaklad-karny-w-siedlcach-uczniowie-klasy-mundurowej-poznawali-specyfike-sluzby-w-sluzbie-wieziennejcykl-spotkan-kadry-zakladu-karnego-w-siedlcach-z-mlodzieza-szkol-srednich\">Uczniowie klasy mundurowej poznawali specyfik\u0119 s\u0142u\u017cby w S\u0142u\u017cbie Wi\u0119ziennej &#8211; S\u0142u\u017cba Wi\u0119zienna (sw.gov.pl)<\/a><\/p>\n\n\n\nngg_shortcode_0_placeholder\n","protected":false},"excerpt":{"rendered":"<p>Uczniowie klasy mundurowej II Liceum Og\u00f3lnokszta\u0142c\u0105cego w Zespole Szk\u00f3\u0142 Ponadpodstawowych im. Jana Kochanowskiego w W\u0119growie poznawali specyfik\u0119 s\u0142u\u017cby w S\u0142u\u017cbie Wi\u0119ziennej17 pa\u017adziernika 2022 roku uczniowie drugiej klasy LO o profilu s\u0142u\u017cb mundurowych udali si\u0119 wraz<\/p>\n","protected":false},"author":1,"featured_media":8469,"comment_status":"closed","ping_status":"closed","sticky":false,"template":"","format":"standard","meta":{"ngg_post_thumbnail":0,"_themeisle_gutenberg_block_has_review":false,"jetpack_post_was_ever_published":false,"_jetpack_newsletter_access":"","_jetpack_dont_email_post_to_subs":false,"_jetpack_newsletter_tier_id":0,"_jetpack_memberships_contains_paywalled_content":false,"_jetpack_memberships_contains_paid_content":false,"footnotes":"","jetpack_publicize_message":"","jetpack_publicize_feature_enabled":true,"jetpack_social_post_already_shared":true,"jetpack_social_options":{"image_generator_settings":{"template":"highway","default_image_id":0,"font":"","enabled":false},"version":2}},"categories":[23,44],"tags":[],"class_list":["post-8459","post","type-post","status-publish","format-standard","has-post-thumbnail","hentry","category-klasy-mundurowe","category-spotkania"],"jetpack_publicize_connections":[],"jetpack_featured_media_url":"https:\/\/i0.wp.com\/zsp.wegrow.pl\/wp-content\/uploads\/2022\/10\/sw_logo.png?fit=620%2C298&ssl=1","jetpack_sharing_enabled":true,"jetpack_shortlink":"https:\/\/wp.me\/paT2nI-2cr","_links":{"self":[{"href":"https:\/\/zsp.wegrow.pl\/index.php\/wp-json\/wp\/v2\/posts\/8459","targetHints":{"allow":["GET"]}}],"collection":[{"href":"https:\/\/zsp.wegrow.pl\/index.php\/wp-json\/wp\/v2\/posts"}],"about":[{"href":"https:\/\/zsp.wegrow.pl\/index.php\/wp-json\/wp\/v2\/types\/post"}],"author":[{"embeddable":true,"href":"https:\/\/zsp.wegrow.pl\/index.php\/wp-json\/wp\/v2\/users\/1"}],"replies":[{"embeddable":true,"href":"https:\/\/zsp.wegrow.pl\/index.php\/wp-json\/wp\/v2\/comments?post=8459"}],"version-history":[{"count":1,"href":"https:\/\/zsp.wegrow.pl\/index.php\/wp-json\/wp\/v2\/posts\/8459\/revisions"}],"predecessor-version":[{"id":8470,"href":"https:\/\/zsp.wegrow.pl\/index.php\/wp-json\/wp\/v2\/posts\/8459\/revisions\/8470"}],"wp:featuredmedia":[{"embeddable":true,"href":"https:\/\/zsp.wegrow.pl\/index.php\/wp-json\/wp\/v2\/media\/8469"}],"wp:attachment":[{"href":"https:\/\/zsp.wegrow.pl\/index.php\/wp-json\/wp\/v2\/media?parent=8459"}],"wp:term":[{"taxonomy":"category","embeddable":true,"href":"https:\/\/zsp.wegrow.pl\/index.php\/wp-json\/wp\/v2\/categories?post=8459"},{"taxonomy":"post_tag","embeddable":true,"href":"https:\/\/zsp.wegrow.pl\/index.php\/wp-json\/wp\/v2\/tags?post=8459"}],"curies":[{"name":"wp","href":"https:\/\/api.w.org\/{rel}","templated":true}]}}