{"id":8607,"date":"2022-10-30T12:05:41","date_gmt":"2022-10-30T11:05:41","guid":{"rendered":"https:\/\/zsp.wegrow.pl\/?p=8607"},"modified":"2022-12-06T11:20:45","modified_gmt":"2022-12-06T10:20:45","slug":"pamietamy-o-bohaterach","status":"publish","type":"post","link":"https:\/\/zsp.wegrow.pl\/index.php\/2022\/10\/30\/pamietamy-o-bohaterach\/","title":{"rendered":"Pami\u0119tamy o bohaterach"},"content":{"rendered":"\n<h3 class=\"has-text-align-center wp-block-heading\">Pami\u0119tamy o bohaterach (29 pa\u017adziernika 2022 r.)<\/h3>\n\n\n\n<p class=\"has-drop-cap has-text-align-justify\"><br>Uczniowie klasy mundurowej II Liceum Og\u00f3lnokszta\u0142c\u0105cego w Zespole Szk\u00f3\u0142 Ponadpodstawowych im. Jana Kochanowskiego w W\u0119growie pod opiek\u0105 dyrektora Pana Jacka Nowotniaka, a tak\u017ce \u017co\u0142nierze 53 Batalionu Lekkiej Piechoty WOT w Siedlcach oraz Jednostka Strzelecka Niez\u0142omni W\u0119gr\u00f3w sprz\u0105tali dzi\u015b groby poleg\u0142ych za Ojczyzn\u0119.<br>Inicjatywa, kt\u00f3r\u0105 dzi\u015b podj\u0119li uczniowie Kamila Kupiec, Zuzanna Smolarska, Patrycja Zawi\u015blak, Wiktoria Tyburczy, Rafa\u0142 Ulicki i Mateusz Polkowski jest dla nas bardzo wa\u017cna. Zbli\u017caj\u0105cy si\u0119 dzie\u0144 Wszystkich \u015awi\u0119tych to czas, gdy odwiedzamy groby najbli\u017cszych. Nie mo\u017cemy w tym czasie zapomina\u0107 o grobach tych, kt\u00f3rzy walczyli o nasz\u0105 wolno\u015b\u0107 i o wolno\u015b\u0107 naszej Ojczyzny. Poprzez te dzia\u0142ania uczymy si\u0119 patriotyzmu, pokazujemy, \u017ce pami\u0119tamy o tych, kt\u00f3rzy walczyli za woln\u0105 Polsk\u0119.<br>Spotkanie by\u0142o r\u00f3wnie\u017c doskona\u0142\u0105 okazj\u0105 do rozm\u00f3w o wsp\u00f3\u0142pracy i wymiany do\u015bwiadcze\u0144 z \u017co\u0142nierzami WOT oraz Jednostki Strzeleckiej Niez\u0142omni W\u0119gr\u00f3w. Warto doda\u0107 w tym miejscu, \u017ce nasi uczniowie mieli okazj\u0119 pozna\u0107 absolwent\u00f3w naszej szko\u0142y s\u0142u\u017c\u0105cych obecnie w wymienionych formacjach mundurowych.<br>Dzi\u0119kujemy Panu por. Andrzejowi W\u0105sowskiemu i Panu Tomaszowi Salachowi za wsp\u00f3\u0142n\u0105 inicjatyw\u0119.<\/p>\n\n\n\nngg_shortcode_0_placeholder\n","protected":false},"excerpt":{"rendered":"<p>Pami\u0119tamy o bohaterach (29 pa\u017adziernika 2022 r.) Uczniowie klasy mundurowej II Liceum Og\u00f3lnokszta\u0142c\u0105cego w Zespole Szk\u00f3\u0142 Ponadpodstawowych im. Jana Kochanowskiego w W\u0119growie pod opiek\u0105 dyrektora Pana Jacka Nowotniaka, a tak\u017ce \u017co\u0142nierze 53 Batalionu Lekkiej Piechoty<\/p>\n","protected":false},"author":1,"featured_media":8639,"comment_status":"closed","ping_status":"closed","sticky":false,"template":"","format":"standard","meta":{"ngg_post_thumbnail":0,"_themeisle_gutenberg_block_has_review":false,"jetpack_post_was_ever_published":false,"_jetpack_newsletter_access":"","_jetpack_dont_email_post_to_subs":false,"_jetpack_newsletter_tier_id":0,"_jetpack_memberships_contains_paywalled_content":false,"_jetpack_memberships_contains_paid_content":false,"footnotes":"","jetpack_publicize_message":"","jetpack_publicize_feature_enabled":true,"jetpack_social_post_already_shared":true,"jetpack_social_options":{"image_generator_settings":{"template":"highway","default_image_id":0,"font":"","enabled":false},"version":2}},"categories":[23],"tags":[],"class_list":["post-8607","post","type-post","status-publish","format-standard","has-post-thumbnail","hentry","category-klasy-mundurowe"],"jetpack_publicize_connections":[],"jetpack_featured_media_url":"https:\/\/i0.wp.com\/zsp.wegrow.pl\/wp-content\/uploads\/2022\/10\/15_okl.jpg?fit=850%2C478&ssl=1","jetpack_sharing_enabled":true,"jetpack_shortlink":"https:\/\/wp.me\/paT2nI-2eP","_links":{"self":[{"href":"https:\/\/zsp.wegrow.pl\/index.php\/wp-json\/wp\/v2\/posts\/8607","targetHints":{"allow":["GET"]}}],"collection":[{"href":"https:\/\/zsp.wegrow.pl\/index.php\/wp-json\/wp\/v2\/posts"}],"about":[{"href":"https:\/\/zsp.wegrow.pl\/index.php\/wp-json\/wp\/v2\/types\/post"}],"author":[{"embeddable":true,"href":"https:\/\/zsp.wegrow.pl\/index.php\/wp-json\/wp\/v2\/users\/1"}],"replies":[{"embeddable":true,"href":"https:\/\/zsp.wegrow.pl\/index.php\/wp-json\/wp\/v2\/comments?post=8607"}],"version-history":[{"count":1,"href":"https:\/\/zsp.wegrow.pl\/index.php\/wp-json\/wp\/v2\/posts\/8607\/revisions"}],"predecessor-version":[{"id":8640,"href":"https:\/\/zsp.wegrow.pl\/index.php\/wp-json\/wp\/v2\/posts\/8607\/revisions\/8640"}],"wp:featuredmedia":[{"embeddable":true,"href":"https:\/\/zsp.wegrow.pl\/index.php\/wp-json\/wp\/v2\/media\/8639"}],"wp:attachment":[{"href":"https:\/\/zsp.wegrow.pl\/index.php\/wp-json\/wp\/v2\/media?parent=8607"}],"wp:term":[{"taxonomy":"category","embeddable":true,"href":"https:\/\/zsp.wegrow.pl\/index.php\/wp-json\/wp\/v2\/categories?post=8607"},{"taxonomy":"post_tag","embeddable":true,"href":"https:\/\/zsp.wegrow.pl\/index.php\/wp-json\/wp\/v2\/tags?post=8607"}],"curies":[{"name":"wp","href":"https:\/\/api.w.org\/{rel}","templated":true}]}}