{"id":8674,"date":"2022-11-04T08:24:10","date_gmt":"2022-11-04T07:24:10","guid":{"rendered":"https:\/\/zsp.wegrow.pl\/?p=8674"},"modified":"2023-02-03T08:36:08","modified_gmt":"2023-02-03T07:36:08","slug":"tytka-charytatywna","status":"publish","type":"post","link":"https:\/\/zsp.wegrow.pl\/index.php\/2022\/11\/04\/tytka-charytatywna\/","title":{"rendered":"&#8222;Tytka Charytatywna&#8221;"},"content":{"rendered":"\n<p class=\"has-text-align-justify\">Rozpoczyna si\u0119 kolejna edycja akcji &#8222;Tytka Charytatywna&#8221;. Akcja jest idealn\u0105 okazj\u0105, aby dostrzec tych, kt\u00f3rzy s\u0105 obok nas i potrzebuj\u0105 naszego wsparcia.<br>Wolontariusze z trzeciej klasy mundurowej II Liceum Og\u00f3lnokszta\u0142c\u0105cego w Zespole Szk\u00f3\u0142 Ponadpodstawowych im. Jana Kochanowskiego w W\u0119growie wraz z wicedyrektorem Anet\u0105 Rosochack\u0105 uczestniczyli w przygotowaniu dystrybucji do poszczeg\u00f3lnych parafii \u201eTytek charytatywnych \u201d w Caritas Diecezji Drohiczy\u0144skiej.<br>\u201eTytka\u201d to papierowa torba, do kt\u00f3rej mo\u017cna w\u0142o\u017cy\u0107 podstawowe i trwa\u0142e produkty spo\u017cywcze oraz \u015brodki czysto\u015bci. Jest to \u0142atwy i bardzo skuteczny spos\u00f3b, aby zach\u0119ci\u0107 ca\u0142e rodziny do pomocy potrzebuj\u0105cym i budowa\u0107 w\u015br\u00f3d nas odpowiednie postawy prospo\u0142eczne.<br>Zgromadzona w ten spos\u00f3b \u017cywno\u015b\u0107 stanowi jeden z filar\u00f3w ca\u0142orocznego wsparcia dzie\u0142 Caritas, w tym jad\u0142odajni oraz pomocy indywidualnej \u015bwiadczonej ubogim rodzinom.<br>Cieszymy si\u0119 i dzi\u0119kujemy, \u017ce nasza m\u0142odzie\u017c otwiera serca na drugiego cz\u0142owieka.<\/p>\n\n\n\nngg_shortcode_0_placeholder\n","protected":false},"excerpt":{"rendered":"<p>Rozpoczyna si\u0119 kolejna edycja akcji &#8222;Tytka Charytatywna&#8221;. Akcja jest idealn\u0105 okazj\u0105, aby dostrzec tych, kt\u00f3rzy s\u0105 obok nas i potrzebuj\u0105 naszego wsparcia.Wolontariusze z trzeciej klasy mundurowej II Liceum Og\u00f3lnokszta\u0142c\u0105cego w Zespole Szk\u00f3\u0142 Ponadpodstawowych im. Jana<\/p>\n","protected":false},"author":1,"featured_media":8686,"comment_status":"closed","ping_status":"closed","sticky":false,"template":"","format":"standard","meta":{"ngg_post_thumbnail":0,"_themeisle_gutenberg_block_has_review":false,"jetpack_post_was_ever_published":false,"_jetpack_newsletter_access":"","_jetpack_dont_email_post_to_subs":false,"_jetpack_newsletter_tier_id":0,"_jetpack_memberships_contains_paywalled_content":false,"_jetpack_memberships_contains_paid_content":false,"footnotes":"","jetpack_publicize_message":"","jetpack_publicize_feature_enabled":true,"jetpack_social_post_already_shared":true,"jetpack_social_options":{"image_generator_settings":{"template":"highway","default_image_id":0,"font":"","enabled":false},"version":2}},"categories":[35,23,21],"tags":[],"class_list":["post-8674","post","type-post","status-publish","format-standard","has-post-thumbnail","hentry","category-akcje-charytatywne","category-klasy-mundurowe","category-wolontariusze"],"jetpack_publicize_connections":[],"jetpack_featured_media_url":"https:\/\/i0.wp.com\/zsp.wegrow.pl\/wp-content\/uploads\/2022\/11\/05_okl.jpg?fit=850%2C794&ssl=1","jetpack_sharing_enabled":true,"jetpack_shortlink":"https:\/\/wp.me\/paT2nI-2fU","_links":{"self":[{"href":"https:\/\/zsp.wegrow.pl\/index.php\/wp-json\/wp\/v2\/posts\/8674","targetHints":{"allow":["GET"]}}],"collection":[{"href":"https:\/\/zsp.wegrow.pl\/index.php\/wp-json\/wp\/v2\/posts"}],"about":[{"href":"https:\/\/zsp.wegrow.pl\/index.php\/wp-json\/wp\/v2\/types\/post"}],"author":[{"embeddable":true,"href":"https:\/\/zsp.wegrow.pl\/index.php\/wp-json\/wp\/v2\/users\/1"}],"replies":[{"embeddable":true,"href":"https:\/\/zsp.wegrow.pl\/index.php\/wp-json\/wp\/v2\/comments?post=8674"}],"version-history":[{"count":1,"href":"https:\/\/zsp.wegrow.pl\/index.php\/wp-json\/wp\/v2\/posts\/8674\/revisions"}],"predecessor-version":[{"id":8687,"href":"https:\/\/zsp.wegrow.pl\/index.php\/wp-json\/wp\/v2\/posts\/8674\/revisions\/8687"}],"wp:featuredmedia":[{"embeddable":true,"href":"https:\/\/zsp.wegrow.pl\/index.php\/wp-json\/wp\/v2\/media\/8686"}],"wp:attachment":[{"href":"https:\/\/zsp.wegrow.pl\/index.php\/wp-json\/wp\/v2\/media?parent=8674"}],"wp:term":[{"taxonomy":"category","embeddable":true,"href":"https:\/\/zsp.wegrow.pl\/index.php\/wp-json\/wp\/v2\/categories?post=8674"},{"taxonomy":"post_tag","embeddable":true,"href":"https:\/\/zsp.wegrow.pl\/index.php\/wp-json\/wp\/v2\/tags?post=8674"}],"curies":[{"name":"wp","href":"https:\/\/api.w.org\/{rel}","templated":true}]}}