{"id":8815,"date":"2022-11-17T10:21:02","date_gmt":"2022-11-17T09:21:02","guid":{"rendered":"https:\/\/zsp.wegrow.pl\/?p=8815"},"modified":"2023-02-03T08:33:20","modified_gmt":"2023-02-03T07:33:20","slug":"104-rocznica-odzyskania-niepodleglosci","status":"publish","type":"post","link":"https:\/\/zsp.wegrow.pl\/index.php\/2022\/11\/17\/104-rocznica-odzyskania-niepodleglosci\/","title":{"rendered":"104 rocznica odzyskania niepodleg\u0142o\u015bci"},"content":{"rendered":"\n<p class=\"has-text-align-justify\">10 listopada 2022 roku w Zespole Szk\u00f3\u0142 Ponadpodstawowych im. Jana Kochanowskiego w W\u0119growie odby\u0142a si\u0119 uroczysto\u015b\u0107 zwi\u0105zana z obchodami 104 rocznicy odzyskania przez Polsk\u0119 niepodleg\u0142o\u015bci. Spotkanie rozpocz\u0105\u0142 Dyrektor Szko\u0142y \u2013 pan Jacek Nowotniak, kt\u00f3ry przywita\u0142 wszystkich zgromadzonych oraz przedstawiciela Starostwa Powiatowego- Naczelnika Wydzia\u0142u O\u015bwiaty, Kultury, Sportu i Turystyki pana Tadeusza Krup\u0119. Pan dyrektor przybli\u017cy\u0142 histori\u0119 zwi\u0105zan\u0105 z okoliczno\u015bciami tworzenia si\u0119 na nowo pa\u0144stwowo\u015bci polskiej. Zgromadzeni wsp\u00f3lnie od\u015bpiewali hymn narodowy, przy\u0142\u0105czaj\u0105c si\u0119 w ten spos\u00f3b do og\u00f3lnopolskiej akcji pn. \u201eSzko\u0142a do Hymnu\u201d. Nast\u0119pnie m\u0142odzie\u017c naszej szko\u0142y (z klas: I LOm, I LO, II Lom, II LO) z zaanga\u017cowaniem zaprezentowa\u0142a monta\u017c s\u0142owno- muzyczny, kt\u00f3ry przybli\u017cy\u0142 trudny okres niewoli, walki i odzyskanie po 123 latach upragnionej wolno\u015bci.<br>By\u0142a to prawdziwa lekcja patriotyzmu.<br>Serdeczne podzi\u0119kowania dla p. Magdaleny Ceglarskiej Kowal, p. Joanny Skiby oraz p. El\u017cbiety Topoli\u0144skiej za przygotowanie monta\u017cu s\u0142owno \u2013 muzycznego, a tak\u017ce dla p. Joanny Gom\u00f3\u0142ki za opraw\u0119 muzyczn\u0105. Za pi\u0119kne dekoracje dzi\u0119kujemy p. Edycie Kozie\u0142 i p. Monice Mik\u0142asiewicz.<br>Sk\u0142adamy r\u00f3wnie\u017c podzi\u0119kowania dla naszej m\u0142odzie\u017cy za w\u0142o\u017cony trud i zaanga\u017cowanie w wykonanie cz\u0119\u015bci artystycznej naszej uroczysto\u015bci.<br>Opiekunem pocztu sztandarowego by\u0142a p. Katarzyna Grenda. Nad przygotowaniem i przebiegiem uroczysto\u015bci czuwa\u0142a wicedyrektor p. Aneta Rosochacka.<br>Fot. Katarzyna Czarnecka<\/p>\n\n\n\nngg_shortcode_0_placeholder\n","protected":false},"excerpt":{"rendered":"<p>10 listopada 2022 roku w Zespole Szk\u00f3\u0142 Ponadpodstawowych im. Jana Kochanowskiego w W\u0119growie odby\u0142a si\u0119 uroczysto\u015b\u0107 zwi\u0105zana z obchodami 104 rocznicy odzyskania przez Polsk\u0119 niepodleg\u0142o\u015bci. Spotkanie rozpocz\u0105\u0142 Dyrektor Szko\u0142y \u2013 pan Jacek Nowotniak, kt\u00f3ry przywita\u0142<\/p>\n","protected":false},"author":1,"featured_media":5347,"comment_status":"closed","ping_status":"closed","sticky":false,"template":"","format":"standard","meta":{"ngg_post_thumbnail":0,"_themeisle_gutenberg_block_has_review":false,"jetpack_post_was_ever_published":false,"_jetpack_newsletter_access":"","_jetpack_dont_email_post_to_subs":false,"_jetpack_newsletter_tier_id":0,"_jetpack_memberships_contains_paywalled_content":false,"_jetpack_memberships_contains_paid_content":false,"footnotes":"","jetpack_publicize_message":"","jetpack_publicize_feature_enabled":true,"jetpack_social_post_already_shared":true,"jetpack_social_options":{"image_generator_settings":{"template":"highway","default_image_id":0,"font":"","enabled":false},"version":2}},"categories":[53,38],"tags":[],"class_list":["post-8815","post","type-post","status-publish","format-standard","has-post-thumbnail","hentry","category-rocznice","category-uroczystosci"],"jetpack_publicize_connections":[],"jetpack_featured_media_url":"https:\/\/i0.wp.com\/zsp.wegrow.pl\/wp-content\/uploads\/2020\/11\/11listopada.jpg?fit=601%2C266&ssl=1","jetpack_sharing_enabled":true,"jetpack_shortlink":"https:\/\/wp.me\/paT2nI-2ib","_links":{"self":[{"href":"https:\/\/zsp.wegrow.pl\/index.php\/wp-json\/wp\/v2\/posts\/8815","targetHints":{"allow":["GET"]}}],"collection":[{"href":"https:\/\/zsp.wegrow.pl\/index.php\/wp-json\/wp\/v2\/posts"}],"about":[{"href":"https:\/\/zsp.wegrow.pl\/index.php\/wp-json\/wp\/v2\/types\/post"}],"author":[{"embeddable":true,"href":"https:\/\/zsp.wegrow.pl\/index.php\/wp-json\/wp\/v2\/users\/1"}],"replies":[{"embeddable":true,"href":"https:\/\/zsp.wegrow.pl\/index.php\/wp-json\/wp\/v2\/comments?post=8815"}],"version-history":[{"count":1,"href":"https:\/\/zsp.wegrow.pl\/index.php\/wp-json\/wp\/v2\/posts\/8815\/revisions"}],"predecessor-version":[{"id":8873,"href":"https:\/\/zsp.wegrow.pl\/index.php\/wp-json\/wp\/v2\/posts\/8815\/revisions\/8873"}],"wp:featuredmedia":[{"embeddable":true,"href":"https:\/\/zsp.wegrow.pl\/index.php\/wp-json\/wp\/v2\/media\/5347"}],"wp:attachment":[{"href":"https:\/\/zsp.wegrow.pl\/index.php\/wp-json\/wp\/v2\/media?parent=8815"}],"wp:term":[{"taxonomy":"category","embeddable":true,"href":"https:\/\/zsp.wegrow.pl\/index.php\/wp-json\/wp\/v2\/categories?post=8815"},{"taxonomy":"post_tag","embeddable":true,"href":"https:\/\/zsp.wegrow.pl\/index.php\/wp-json\/wp\/v2\/tags?post=8815"}],"curies":[{"name":"wp","href":"https:\/\/api.w.org\/{rel}","templated":true}]}}