{"id":9603,"date":"2022-12-13T11:01:15","date_gmt":"2022-12-13T10:01:15","guid":{"rendered":"https:\/\/zsp.wegrow.pl\/?p=9603"},"modified":"2023-02-03T08:25:42","modified_gmt":"2023-02-03T07:25:42","slug":"dzialania-mein-w-zakresie-wdrazania-edukacji-wlaczajacej-konferencja-dostepna-szkola","status":"publish","type":"post","link":"https:\/\/zsp.wegrow.pl\/index.php\/2022\/12\/13\/dzialania-mein-w-zakresie-wdrazania-edukacji-wlaczajacej-konferencja-dostepna-szkola\/","title":{"rendered":"Dzia\u0142ania MEiN w zakresie wdra\u017cania edukacji w\u0142\u0105czaj\u0105cej &#8211; konferencja \u201eDost\u0119pna szko\u0142a\u201d"},"content":{"rendered":"\n<p class=\"has-drop-cap has-text-align-justify\">Problematyka edukacji w\u0142\u0105czaj\u0105cej jest obecna w przestrzeni publicznej, ale wiedza na ten temat w spo\u0142ecze\u0144stwie nadal jest niewystarczaj\u0105ca. Jedn\u0105 z form popularyzacji tych zagadnie\u0144 stanowi organizowanie konferencji. W dniu 16.11.2022 r. odby\u0142a si\u0119 niezwykle interesuj\u0105ca konferencja on-line pod nazw\u0105 \u201eDost\u0119pna szko\u0142a\u201d podsumowuj\u0105ca prowadzon\u0105 przez Ministerstwo Edukacji i Nauki kampani\u0119 informacyjno-promocyjn\u0105 \u201eEdukacja w zasi\u0119gu r\u0119ki\u201d. Spotkanie otworzy\u0142a Pani Marzena Macha\u0142ek Sekretarz Stanu w MEiN. Jeden z g\u0142\u00f3wnych modu\u0142\u00f3w podczas konferencji po\u015bwi\u0119cono edukacji w\u0142\u0105czaj\u0105cej. Przedstawiciele Zespo\u0142u SCWEW w W\u0119growie oraz nauczyciele z przedszkoli i szk\u00f3\u0142 obj\u0119tych wsparcie w ramach projektu \u201ePilota\u017cowe wdro\u017cenie modelu Specjalistycznych Centr\u00f3w Wspieraj\u0105cych Edukacj\u0119 W\u0142\u0105czaj\u0105c\u0105 (SCWEW)\u201d wzi\u0119li udzia\u0142 w konferencji i z zainteresowaniem wys\u0142uchali wyst\u0105pie\u0144 zaproszonych go\u015bci. Podczas spotkania om\u00f3wiono dzia\u0142ania legislacyjne prowadzone przez MEiN w zakresie wdra\u017cania edukacji w\u0142\u0105czaj\u0105cej. Zwr\u00f3cono uwag\u0119 na g\u0142\u00f3wne za\u0142o\u017cenia, kt\u00f3re maj\u0105 umo\u017cliwi\u0107 dzieciom nauk\u0119 wsp\u00f3lnie z r\u00f3wie\u015bnikami jak najbli\u017cej miejsca zamieszkania, udzia\u0142 w procesie nauczania i \u017cyciu spo\u0142ecznym szko\u0142y oraz stwarza\u0107 warunki do odnoszenia sukces\u00f3w na miar\u0119 ich mo\u017cliwo\u015bci. Podkre\u015blano przy tym, \u017ce wprowadzane zmiany nie s\u0105 \u201erewolucj\u0105\u201d tylko \u201eewolucj\u0105\u201d, czyli stanowi\u0105 udoskonalenie dzia\u0142a\u0144, kt\u00f3re podejmowane s\u0105 ju\u017c w przedszkolach i szko\u0142ach. Pracom legislacyjnym towarzysz\u0105 dzia\u0142ania maj\u0105ce na celu pilota\u017cowe wprowadzenie i przetestowanie nowych rozwi\u0105za\u0144, kt\u00f3re maj\u0105 s\u0142u\u017cy\u0107 podniesieniu jako\u015bci i dost\u0119pno\u015bci edukacji dla ka\u017cdego dziecka. Specjalny O\u015brodek Szkolno-Wychowawczy w W\u0119growie uczestniczy w jednym z takich pilota\u017cowych program\u00f3w realizuj\u0105c zadania Specjalistycznego Centrum Wspieraj\u0105cego Edukacj\u0119 W\u0142\u0105czaj\u0105c\u0105.<br>Istotn\u0105 kwesti\u0105, kt\u00f3r\u0105 omawiano podczas konferencji, by\u0142y dzia\u0142ania ukierunkowane na przygotowanie nauczycieli do edukacji w\u0142\u0105czaj\u0105cej. Wymieniono w\u015br\u00f3d nich szkolenia dla nauczycieli, przygotowywanie poradnik\u00f3w metodycznych i materia\u0142\u00f3w edukacyjnych oraz studia podyplomowe i szkolenia dla poradni psychologiczno-pedagogicznych. Podkre\u015blono, \u017ce wprowadzenie modelu edukacji w\u0142\u0105czaj\u0105cej przyniesie wiele korzy\u015bci, w tym: mo\u017cliwo\u015b\u0107 uczenia si\u0119 w szkole najbli\u017cszej miejscu zamieszkania dziecka, perspektywa lepszej przysz\u0142o\u015bci dla dzieci i m\u0142odzie\u017cy, w\u0142\u0105czenie rodzic\u00f3w w proces wsp\u00f3\u0142dzia\u0142ania na rzecz dziecka, wsparcie dziecka i rodziny od chwili stwierdzenia problem\u00f3w edukacyjnych, powstanie zintegrowanej sieci instytucji dzia\u0142aj\u0105cych na rzecz edukacji w\u0142\u0105czaj\u0105cej.<br>Konferencja by\u0142a niezwykle ciekawa i dostarczy\u0142a wielu informacji na temat edukacji w\u0142\u0105czaj\u0105cej oraz jej za\u0142o\u017ce\u0144 i wdra\u017canych przedsi\u0119wzi\u0119\u0107.<\/p>\n","protected":false},"excerpt":{"rendered":"<p>Problematyka edukacji w\u0142\u0105czaj\u0105cej jest obecna w przestrzeni publicznej, ale wiedza na ten temat w spo\u0142ecze\u0144stwie nadal jest niewystarczaj\u0105ca. Jedn\u0105 z form popularyzacji tych zagadnie\u0144 stanowi organizowanie konferencji. W dniu 16.11.2022 r. odby\u0142a si\u0119 niezwykle interesuj\u0105ca<\/p>\n","protected":false},"author":1,"featured_media":7070,"comment_status":"closed","ping_status":"closed","sticky":false,"template":"","format":"standard","meta":{"ngg_post_thumbnail":0,"_themeisle_gutenberg_block_has_review":false,"jetpack_post_was_ever_published":false,"_jetpack_newsletter_access":"","_jetpack_dont_email_post_to_subs":false,"_jetpack_newsletter_tier_id":0,"_jetpack_memberships_contains_paywalled_content":false,"_jetpack_memberships_contains_paid_content":false,"footnotes":"","jetpack_publicize_message":"","jetpack_publicize_feature_enabled":true,"jetpack_social_post_already_shared":true,"jetpack_social_options":{"image_generator_settings":{"template":"highway","default_image_id":0,"font":"","enabled":false},"version":2}},"categories":[62],"tags":[],"class_list":["post-9603","post","type-post","status-publish","format-standard","has-post-thumbnail","hentry","category-scwew"],"jetpack_publicize_connections":[],"jetpack_featured_media_url":"https:\/\/i0.wp.com\/zsp.wegrow.pl\/wp-content\/uploads\/2021\/12\/projekt_o.jpg?fit=850%2C150&ssl=1","jetpack_sharing_enabled":true,"jetpack_shortlink":"https:\/\/wp.me\/paT2nI-2uT","_links":{"self":[{"href":"https:\/\/zsp.wegrow.pl\/index.php\/wp-json\/wp\/v2\/posts\/9603","targetHints":{"allow":["GET"]}}],"collection":[{"href":"https:\/\/zsp.wegrow.pl\/index.php\/wp-json\/wp\/v2\/posts"}],"about":[{"href":"https:\/\/zsp.wegrow.pl\/index.php\/wp-json\/wp\/v2\/types\/post"}],"author":[{"embeddable":true,"href":"https:\/\/zsp.wegrow.pl\/index.php\/wp-json\/wp\/v2\/users\/1"}],"replies":[{"embeddable":true,"href":"https:\/\/zsp.wegrow.pl\/index.php\/wp-json\/wp\/v2\/comments?post=9603"}],"version-history":[{"count":1,"href":"https:\/\/zsp.wegrow.pl\/index.php\/wp-json\/wp\/v2\/posts\/9603\/revisions"}],"predecessor-version":[{"id":9604,"href":"https:\/\/zsp.wegrow.pl\/index.php\/wp-json\/wp\/v2\/posts\/9603\/revisions\/9604"}],"wp:featuredmedia":[{"embeddable":true,"href":"https:\/\/zsp.wegrow.pl\/index.php\/wp-json\/wp\/v2\/media\/7070"}],"wp:attachment":[{"href":"https:\/\/zsp.wegrow.pl\/index.php\/wp-json\/wp\/v2\/media?parent=9603"}],"wp:term":[{"taxonomy":"category","embeddable":true,"href":"https:\/\/zsp.wegrow.pl\/index.php\/wp-json\/wp\/v2\/categories?post=9603"},{"taxonomy":"post_tag","embeddable":true,"href":"https:\/\/zsp.wegrow.pl\/index.php\/wp-json\/wp\/v2\/tags?post=9603"}],"curies":[{"name":"wp","href":"https:\/\/api.w.org\/{rel}","templated":true}]}}