{"id":9868,"date":"2023-01-24T14:00:54","date_gmt":"2023-01-24T13:00:54","guid":{"rendered":"https:\/\/zsp.wegrow.pl\/?p=9868"},"modified":"2024-08-31T15:05:49","modified_gmt":"2024-08-31T13:05:49","slug":"uroczysta-sesja-rady-powiatu-wegrowskiego","status":"publish","type":"post","link":"https:\/\/zsp.wegrow.pl\/index.php\/2023\/01\/24\/uroczysta-sesja-rady-powiatu-wegrowskiego\/","title":{"rendered":"Uroczysta sesja Rady Powiatu W\u0119growskiego"},"content":{"rendered":"\n<p class=\"has-text-align-justify\">19 stycznia 2023 r. odby\u0142a si\u0119 uroczysta sesja Rady Powiatu W\u0119growskiego po\u015bwi\u0119cona upami\u0119tnieniu bohaterskiej walki powsta\u0144c\u00f3w styczniowych, rozpoczynaj\u0105ca obchody 160. rocznicy Powstania Styczniowego. W sesji uczestniczy\u0142 Jacek Nowotniak \u2013 Dyrektor Szko\u0142y wraz z przedstawicielami samorz\u0105du uczniowskiego, reprezentantami uczni\u00f3w z klas mundurowych oraz grupy rekonstrukcyjnej Kosynierzy. Opiek\u0119 nad m\u0142odzie\u017c\u0105 sprawowa\u0142a Wicedyrektor Aneta Rosochacka.<br>Na sesji Rady Powiatu wr\u0119czono odznaczenia nadane przez Szefa Urz\u0119du ds. Kombatant\u00f3w i Os\u00f3b Represjonowanych Pana Jana J\u00f3zefa Kasprzyka, kt\u00f3ry uhonorowa\u0142 medalem Pro Bono Poloniae kombatant\u00f3w z terenu powiatu w\u0119growskiego. Medale otrzymali: ppor. Zofia Wangrat i Pan Kazimierz Dobrenko. Odznaczony ju\u017c wcze\u015bniej medalem major Bogdan Ilczuk, otrzyma\u0142 specjalny dyplom z podzi\u0119kowaniami.<br>Pan Roman Postek wyg\u0142osi\u0142 prelekcj\u0119 dotycz\u0105c\u0105 \u015blad\u00f3w powstania styczniowego jakie zachowa\u0142y si\u0119 na terenie powiatu w\u0119growskiego. Zaprezentowa\u0142 r\u00f3wnie\u017c stworzon\u0105 przez siebie map\u0119 miejsc, gdzie odbywa\u0142y si\u0119 potyczki powsta\u0144cze.<br>Podczas uroczysto\u015bci Dyrektor Jacek Nowotniak odebra\u0142 z r\u0105k Pani Ewy Waszkiewicz \u2013 Dyrektora Oddzia\u0142u Okr\u0119gowego w Warszawie Narodowego Banku Polskiego dla m\u0142odzie\u017cy szkolnej bior\u0105cej aktywny udzia\u0142 w tworzeniu grup rekonstrukcyjnych srebrn\u0105 monet\u0119 wyemitowan\u0105 z okazji 160. rocznicy wybuchu Powstania Styczniowego. Monet\u0119 otrzyma\u0142y osoby od wielu lat kultywuj\u0105ce pami\u0119\u0107 o Powstaniu Styczniowym a tak\u017ce te, kt\u00f3re zaanga\u017cowa\u0142y si\u0119 w organizacj\u0119 wydarze\u0144 upami\u0119tniaj\u0105cych 160. rocznic\u0119 powstania.<br>W trakcie sesji zaprezentowano okoliczno\u015bciow\u0105 kart\u0119 pocztow\u0105 pn. \u201e160. rocznica bitwy pod W\u0119growem&#8221;, kt\u00f3r\u0105 wyemitowa\u0142a Poczta Polska. W prawym g\u00f3rnym rogu strony adresowej kartki nadrukowano znak op\u0142aty pocztowej, na kt\u00f3rym umieszczono zdj\u0119cie mogi\u0142y Powsta\u0144c\u00f3w Styczniowych, poleg\u0142ych w bitwie pod W\u0119growem. Po lewej stronie widoczna jest akwarela Maksymiliana Oborskiego \u201eJanko Sok\u00f3\u0142\u201d. W cz\u0119\u015bci ilustracyjnej kartki przedstawiono anonimow\u0105 litografi\u0119 wiede\u0144sk\u0105 \u201eBitwa pod W\u0119growem\u201d.<br>Uczestnicz\u0105cy sesji otrzymali wydrukowane egzemplarze \u201eKalendarza wydarze\u0144 obchod\u00f3w 160. rocznicy Powstania Styczniowego\u201d w kt\u00f3rym znajduje si\u0119 informacja o zaplanowanych blisko 50-ciu wydarzeniach, w\u015br\u00f3d kt\u00f3rych znalaz\u0142y si\u0119 m.in: uroczysto\u015bci patriotyczne, konferencje, konkursy czy rekonstrukcje historyczne.<br>Rada Powiatu W\u0119growskiego Uchwa\u0142\u0105 ustanowi\u0142a rok 2023 rokiem upami\u0119tnienia 160. rocznicy Powstania Styczniowego.<br>Fot. Starostwo Powiatowe w W\u0119growie<\/p>\n\n\n\nngg_shortcode_0_placeholder\n","protected":false},"excerpt":{"rendered":"<p>19 stycznia 2023 r. odby\u0142a si\u0119 uroczysta sesja Rady Powiatu W\u0119growskiego po\u015bwi\u0119cona upami\u0119tnieniu bohaterskiej walki powsta\u0144c\u00f3w styczniowych, rozpoczynaj\u0105ca obchody 160. rocznicy Powstania Styczniowego. W sesji uczestniczy\u0142 Jacek Nowotniak \u2013 Dyrektor Szko\u0142y wraz z przedstawicielami samorz\u0105du<\/p>\n","protected":false},"author":1,"featured_media":9892,"comment_status":"closed","ping_status":"closed","sticky":false,"template":"","format":"standard","meta":{"ngg_post_thumbnail":0,"_themeisle_gutenberg_block_has_review":false,"jetpack_post_was_ever_published":false,"_jetpack_newsletter_access":"","_jetpack_dont_email_post_to_subs":false,"_jetpack_newsletter_tier_id":0,"_jetpack_memberships_contains_paywalled_content":false,"_jetpack_memberships_contains_paid_content":false,"footnotes":"","jetpack_publicize_message":"","jetpack_publicize_feature_enabled":true,"jetpack_social_post_already_shared":true,"jetpack_social_options":{"image_generator_settings":{"template":"highway","default_image_id":0,"font":"","enabled":false},"version":2}},"categories":[53],"tags":[],"class_list":["post-9868","post","type-post","status-publish","format-standard","has-post-thumbnail","hentry","category-rocznice"],"jetpack_publicize_connections":[],"jetpack_featured_media_url":"https:\/\/i0.wp.com\/zsp.wegrow.pl\/wp-content\/uploads\/2023\/01\/11_okl.jpg?fit=850%2C424&ssl=1","jetpack_sharing_enabled":true,"jetpack_shortlink":"https:\/\/wp.me\/paT2nI-2za","_links":{"self":[{"href":"https:\/\/zsp.wegrow.pl\/index.php\/wp-json\/wp\/v2\/posts\/9868","targetHints":{"allow":["GET"]}}],"collection":[{"href":"https:\/\/zsp.wegrow.pl\/index.php\/wp-json\/wp\/v2\/posts"}],"about":[{"href":"https:\/\/zsp.wegrow.pl\/index.php\/wp-json\/wp\/v2\/types\/post"}],"author":[{"embeddable":true,"href":"https:\/\/zsp.wegrow.pl\/index.php\/wp-json\/wp\/v2\/users\/1"}],"replies":[{"embeddable":true,"href":"https:\/\/zsp.wegrow.pl\/index.php\/wp-json\/wp\/v2\/comments?post=9868"}],"version-history":[{"count":1,"href":"https:\/\/zsp.wegrow.pl\/index.php\/wp-json\/wp\/v2\/posts\/9868\/revisions"}],"predecessor-version":[{"id":9893,"href":"https:\/\/zsp.wegrow.pl\/index.php\/wp-json\/wp\/v2\/posts\/9868\/revisions\/9893"}],"wp:featuredmedia":[{"embeddable":true,"href":"https:\/\/zsp.wegrow.pl\/index.php\/wp-json\/wp\/v2\/media\/9892"}],"wp:attachment":[{"href":"https:\/\/zsp.wegrow.pl\/index.php\/wp-json\/wp\/v2\/media?parent=9868"}],"wp:term":[{"taxonomy":"category","embeddable":true,"href":"https:\/\/zsp.wegrow.pl\/index.php\/wp-json\/wp\/v2\/categories?post=9868"},{"taxonomy":"post_tag","embeddable":true,"href":"https:\/\/zsp.wegrow.pl\/index.php\/wp-json\/wp\/v2\/tags?post=9868"}],"curies":[{"name":"wp","href":"https:\/\/api.w.org\/{rel}","templated":true}]}}