{"id":9897,"date":"2023-01-24T14:17:07","date_gmt":"2023-01-24T13:17:07","guid":{"rendered":"https:\/\/zsp.wegrow.pl\/?p=9897"},"modified":"2024-08-31T15:05:41","modified_gmt":"2024-08-31T13:05:41","slug":"uroczyste-obchody-upamietniajace-160-rocznice-powstania-styczniowego","status":"publish","type":"post","link":"https:\/\/zsp.wegrow.pl\/index.php\/2023\/01\/24\/uroczyste-obchody-upamietniajace-160-rocznice-powstania-styczniowego\/","title":{"rendered":"Uroczyste obchody upami\u0119tniaj\u0105ce 160 ROCZNIC\u0118 POWSTANIA STYCZNIOWEGO"},"content":{"rendered":"\n<h4 class=\"has-text-align-center wp-block-heading\">20 stycznia 2023r.\u00a0SOSW i szko\u0142y partnerskie w projekcie \u201ePilota\u017cowe wdro\u017cenie modelu SCWEW\u201d w\u0142\u0105czy\u0142y si\u0119 w uroczyste obchody upami\u0119tniaj\u0105ce 160 ROCZNIC\u0118 POWSTANIA STYCZNIOWEGO.<\/h4>\n\n\n\n<p class=\"has-text-align-justify\">2023 &#8211; szczeg\u00f3lny rok, ustanowiony przez Rad\u0119 Powiatu W\u0119growskiego rokiem pami\u0119ci, obfituje w wiele wa\u017cnych wydarze\u0144 historycznych, kt\u00f3re odb\u0119d\u0105 si\u0119 na terenie ca\u0142ego powiatu. Samorz\u0105d Szkolny wraz z Pocztem Sztandarowym udali si\u0119 pod pomnik J\u00f3zefa Berli\u0144skiego i nieznanych powsta\u0144c\u00f3w, by upami\u0119tni\u0107 bohater\u00f3w najwi\u0119kszego zrywu niepodleg\u0142o\u015bciowego. W uroczysto\u015bciach pod pomnikiem wzi\u0119li r\u00f3wnie\u017c udzia\u0142: dyrektor SOSW Hanna Kasperowicz, wicedyrektor Agnieszka Wi\u015bniewska, nauczyciel z Zespo\u0142u Szk\u00f3\u0142 Ponadpodstawowych im. J. Kochanowskiego w W\u0119growie Ma\u0142gorzata G\u00f3ral oraz przedstawiciele m\u0142odzie\u017cy z ZSP im. J. Kochanowskiego w W\u0119growie i I LO im. A. Mickiewicza w W\u0119growie. Podczas kr\u00f3tkiego apelu, przypomniano o jednym z bohater\u00f3w powstania \u2013 J\u00f3zefie Berli\u0144skim \u2013 cie\u015bli&nbsp;z Kosowa Lackiego, kt\u00f3ry zosta\u0142 powieszony przez Rosjan 20 marca 1864 roku w W\u0119growie, a tak\u017ce o niez\u0142omnej wierze i ogromnym m\u0119stwie wszystkich powsta\u0144c\u00f3w, bior\u0105cych udzia\u0142 w bitwie pod W\u0119growem. Przeczytany te\u017c zosta\u0142 wiersz Marii Konopnickiej pt. \u201ePolskie Termopile\u201d, w kt\u00f3rym to autorka dokonuje por\u00f3wnania polskich kosynier\u00f3w do heroicznych walk staro\u017cytnych Spartan. Po zapaleniu zniczy i z\u0142o\u017ceniu kwiat\u00f3w kr\u00f3tk\u0105 modlitw\u0119 w intencji poleg\u0142ych odm\u00f3wi\u0142 proboszcz parafii \u015bw. Ojca Pio w W\u0119growie ks. Andrzej Falkowski.<\/p>\n\n\n\nngg_shortcode_0_placeholder\n","protected":false},"excerpt":{"rendered":"<p>20 stycznia 2023r.\u00a0SOSW i szko\u0142y partnerskie w projekcie \u201ePilota\u017cowe wdro\u017cenie modelu SCWEW\u201d w\u0142\u0105czy\u0142y si\u0119 w uroczyste obchody upami\u0119tniaj\u0105ce 160 ROCZNIC\u0118 POWSTANIA STYCZNIOWEGO. 2023 &#8211; szczeg\u00f3lny rok, ustanowiony przez Rad\u0119 Powiatu W\u0119growskiego rokiem pami\u0119ci, obfituje w<\/p>\n","protected":false},"author":1,"featured_media":9909,"comment_status":"closed","ping_status":"closed","sticky":false,"template":"","format":"standard","meta":{"ngg_post_thumbnail":0,"_themeisle_gutenberg_block_has_review":false,"jetpack_post_was_ever_published":false,"_jetpack_newsletter_access":"","_jetpack_dont_email_post_to_subs":false,"_jetpack_newsletter_tier_id":0,"_jetpack_memberships_contains_paywalled_content":false,"_jetpack_memberships_contains_paid_content":false,"footnotes":"","jetpack_publicize_message":"","jetpack_publicize_feature_enabled":true,"jetpack_social_post_already_shared":true,"jetpack_social_options":{"image_generator_settings":{"template":"highway","default_image_id":0,"font":"","enabled":false},"version":2}},"categories":[62,38],"tags":[],"class_list":["post-9897","post","type-post","status-publish","format-standard","has-post-thumbnail","hentry","category-scwew","category-uroczystosci"],"jetpack_publicize_connections":[],"jetpack_featured_media_url":"https:\/\/i0.wp.com\/zsp.wegrow.pl\/wp-content\/uploads\/2023\/01\/01_okl-1.jpg?fit=850%2C510&ssl=1","jetpack_sharing_enabled":true,"jetpack_shortlink":"https:\/\/wp.me\/paT2nI-2zD","_links":{"self":[{"href":"https:\/\/zsp.wegrow.pl\/index.php\/wp-json\/wp\/v2\/posts\/9897","targetHints":{"allow":["GET"]}}],"collection":[{"href":"https:\/\/zsp.wegrow.pl\/index.php\/wp-json\/wp\/v2\/posts"}],"about":[{"href":"https:\/\/zsp.wegrow.pl\/index.php\/wp-json\/wp\/v2\/types\/post"}],"author":[{"embeddable":true,"href":"https:\/\/zsp.wegrow.pl\/index.php\/wp-json\/wp\/v2\/users\/1"}],"replies":[{"embeddable":true,"href":"https:\/\/zsp.wegrow.pl\/index.php\/wp-json\/wp\/v2\/comments?post=9897"}],"version-history":[{"count":1,"href":"https:\/\/zsp.wegrow.pl\/index.php\/wp-json\/wp\/v2\/posts\/9897\/revisions"}],"predecessor-version":[{"id":9910,"href":"https:\/\/zsp.wegrow.pl\/index.php\/wp-json\/wp\/v2\/posts\/9897\/revisions\/9910"}],"wp:featuredmedia":[{"embeddable":true,"href":"https:\/\/zsp.wegrow.pl\/index.php\/wp-json\/wp\/v2\/media\/9909"}],"wp:attachment":[{"href":"https:\/\/zsp.wegrow.pl\/index.php\/wp-json\/wp\/v2\/media?parent=9897"}],"wp:term":[{"taxonomy":"category","embeddable":true,"href":"https:\/\/zsp.wegrow.pl\/index.php\/wp-json\/wp\/v2\/categories?post=9897"},{"taxonomy":"post_tag","embeddable":true,"href":"https:\/\/zsp.wegrow.pl\/index.php\/wp-json\/wp\/v2\/tags?post=9897"}],"curies":[{"name":"wp","href":"https:\/\/api.w.org\/{rel}","templated":true}]}}